{"id":3788,"date":"2025-04-02T15:56:21","date_gmt":"2025-04-02T13:56:21","guid":{"rendered":"https:\/\/elchupete.com\/?p=3788"},"modified":"2025-05-14T14:05:35","modified_gmt":"2025-05-14T12:05:35","slug":"el-festival-el-chupete-anuncia-su-jurado-definitivo","status":"publish","type":"post","link":"https:\/\/elchupete.com\/en\/el-festival-el-chupete-anuncia-su-jurado-definitivo\/","title":{"rendered":"\u00a0El Festival El Chupete anuncia su jurado definitivo\u00a0"},"content":{"rendered":"<p>[et_pb_section fb_built=\u00bb1&#8243; fullwidth=\u00bbon\u00bb custom_padding_last_edited=\u00bbon|tablet\u00bb disabled_on=\u00bboff|off|off\u00bb _builder_version=\u00bb4.16&#8243; _module_preset=\u00bbdefault\u00bb width_tablet=\u00bb\u00bb width_phone=\u00bb100%\u00bb width_last_edited=\u00bbon|phone\u00bb max_width_tablet=\u00bb\u00bb max_width_phone=\u00bb100%\u00bb max_width_last_edited=\u00bbon|phone\u00bb height_tablet=\u00bb\u00bb height_phone=\u00bb\u00bb height_last_edited=\u00bbon|desktop\u00bb max_height_tablet=\u00bb\u00bb max_height_phone=\u00bb\u00bb max_height_last_edited=\u00bbon|phone\u00bb custom_margin=\u00bb0px|0px|0px|0px|false|false\u00bb custom_margin_tablet=\u00bb0px|0px|0px|0px|false|false\u00bb custom_margin_phone=\u00bb0px|0px|0px|0px|false|false\u00bb custom_margin_last_edited=\u00bbon|desktop\u00bb custom_padding=\u00bb92px|0px|0px|0px|false|true\u00bb custom_padding_tablet=\u00bb92px|0px|0px|0px|false|true\u00bb custom_padding_phone=\u00bb70px||||false|true\u00bb global_colors_info=\u00bb{}\u00bb][et_pb_fullwidth_slider show_pagination=\u00bboff\u00bb disabled_on=\u00bboff|off|off\u00bb _builder_version=\u00bb4.27.4&#8243; _module_preset=\u00bbdefault\u00bb header_font=\u00bbGotham Bold||||||||\u00bb body_font=\u00bbGotham Light||||||||\u00bb custom_button=\u00bbon\u00bb button_bg_color=\u00bbrgba(255,255,255,0.42)\u00bb button_border_width=\u00bb0px\u00bb button_border_radius=\u00bb10px\u00bb button_font=\u00bbGotham Bold||||||||\u00bb button_use_icon=\u00bboff\u00bb button_alignment=\u00bbleft\u00bb button_custom_padding=\u00bb10px||10px||true|false\u00bb text_orientation=\u00bbleft\u00bb width_tablet=\u00bb\u00bb width_phone=\u00bb100%\u00bb width_last_edited=\u00bbon|desktop\u00bb max_width=\u00bb100%\u00bb max_width_tablet=\u00bb100%\u00bb max_width_phone=\u00bb100%\u00bb max_width_last_edited=\u00bbon|phone\u00bb module_alignment=\u00bbcenter\u00bb content_width=\u00bb1200px\u00bb content_width_tablet=\u00bb768px\u00bb content_width_phone=\u00bb100%\u00bb content_width_last_edited=\u00bbon|phone\u00bb content_max_width=\u00bb1200px\u00bb content_max_width_tablet=\u00bb100%\u00bb content_max_width_phone=\u00bb100%\u00bb content_max_width_last_edited=\u00bbon|desktop\u00bb height_tablet=\u00bb50vh\u00bb height_phone=\u00bb50vh\u00bb height_last_edited=\u00bbon|phone\u00bb max_height_tablet=\u00bb50vh\u00bb max_height_phone=\u00bb50vh\u00bb max_height_last_edited=\u00bbon|desktop\u00bb overflow-y=\u00bbauto\u00bb custom_margin=\u00bb0px|0px|0px|0px|false|true\u00bb custom_padding=\u00bb0px|0px|100px|0px|false|true\u00bb custom_padding_tablet=\u00bb100px||0px||false|true\u00bb custom_padding_phone=\u00bb0px|20px|0px|20px|false|true\u00bb custom_padding_last_edited=\u00bbon|phone\u00bb auto=\u00bbon\u00bb custom_css_slide_description=\u00bb||\u00bb global_colors_info=\u00bb{}\u00bb button_bg_color__hover_enabled=\u00bbon|hover\u00bb button_bg_color__hover=\u00bbrgba(255,255,255,0.21)\u00bb button_bg_enable_color__hover=\u00bbon\u00bb][et_pb_slide heading=\u00bbEl Chupete anuncia su jurado definitivo\u00bb _builder_version=\u00bb4.27.4&#8243; _module_preset=\u00bbdefault\u00bb header_font=\u00bbGotham Bold||||||||\u00bb header_text_color=\u00bb#FFFFFF\u00bb body_text_color=\u00bb#FFFFFF\u00bb background_enable_color=\u00bboff\u00bb use_background_color_gradient=\u00bbon\u00bb background_color_gradient_direction=\u00bb90deg\u00bb background_color_gradient_stops=\u00bbrgba(4,30,66,0.76) 0%|rgba(4,30,66,0.56) 100%\u00bb background_color_gradient_start=\u00bbrgba(4,30,66,0.76)\u00bb background_color_gradient_end=\u00bbrgba(4,30,66,0.56)\u00bb background_image=\u00bbhttps:\/\/elchupete.com\/wp-content\/uploads\/2025\/03\/el-chupete-xxa-edicion-presenta-su-ultima-campana-header.jpg\u00bb background_enable_image=\u00bbon\u00bb max_width=\u00bb1200px\u00bb custom_padding=\u00bb|700px|||false|false\u00bb custom_padding_tablet=\u00bb|200px|||false|false\u00bb custom_padding_phone=\u00bb|0px|||false|false\u00bb custom_padding_last_edited=\u00bbon|phone\u00bb header_font_size_tablet=\u00bb36px\u00bb header_font_size_phone=\u00bb\u00bb header_font_size_last_edited=\u00bbon|phone\u00bb background_last_edited=\u00bbon|desktop\u00bb background_image_phone=\u00bbhttps:\/\/elchupete.com\/wp-content\/uploads\/2022\/09\/elchupete-visual22-mv3.jpg\u00bb background_enable_image_phone=\u00bbon\u00bb global_colors_info=\u00bb{}\u00bb sticky_transition=\u00bbon\u00bb]<\/p>\n<p class=\"p2\">El Festival El Chupete, el prestigioso certamen internacional de comunicaci\u00f3n infantil y juvenil, confirma su jurado definitivo para esta edici\u00f3n.<\/p>\n<p>[\/et_pb_slide][\/et_pb_fullwidth_slider][\/et_pb_section][et_pb_section fb_built=\u00bb1&#8243; _builder_version=\u00bb4.16&#8243; _module_preset=\u00bbdefault\u00bb background_image=\u00bbhttps:\/\/elchupete.com\/wp-content\/uploads\/2021\/03\/elchupete-backnotes.jpg\u00bb min_height_tablet=\u00bb\u00bb min_height_phone=\u00bb\u00bb min_height_last_edited=\u00bbon|tablet\u00bb custom_margin=\u00bb0px|0px|0px|0px|false|true\u00bb custom_margin_tablet=\u00bb|0px||0px|false|true\u00bb custom_margin_phone=\u00bb|0px||0px|false|true\u00bb custom_margin_last_edited=\u00bbon|phone\u00bb custom_padding=\u00bb0px|25px|0px|25px|false|true\u00bb global_colors_info=\u00bb{}\u00bb][et_pb_row _builder_version=\u00bb4.16&#8243; _module_preset=\u00bbdefault\u00bb width=\u00bb100%\u00bb max_width=\u00bb1200px\u00bb global_colors_info=\u00bb{}\u00bb][et_pb_column type=\u00bb4_4&#8243; _builder_version=\u00bb4.16&#8243; _module_preset=\u00bbdefault\u00bb global_colors_info=\u00bb{}\u00bb][et_pb_text _builder_version=\u00bb4.27.4&#8243; _module_preset=\u00bbdefault\u00bb text_font=\u00bbGotham Bold||||||||\u00bb text_text_color=\u00bb#041e42&#8243; text_font_size=\u00bb16px\u00bb header_text_color=\u00bb#226ea6&#8243; header_3_font=\u00bbGotham Bold||||||||\u00bb header_3_text_align=\u00bbleft\u00bb header_3_text_color=\u00bb#226ea6&#8243; header_3_font_size=\u00bb34px\u00bb locked=\u00bboff\u00bb global_colors_info=\u00bb{}\u00bb]<strong>\u00a0<\/strong><\/p>\n<ul>\n<li>\n<p class=\"p2\"><b>El Chupete confirma su jurado definitivo para esta edici\u00f3n.<\/b><\/p>\n<\/li>\n<\/ul>\n<p>[\/et_pb_text][et_pb_text _builder_version=\u00bb4.27.4&#8243; _module_preset=\u00bbdefault\u00bb text_font=\u00bbGotham Bold||||||||\u00bb text_text_color=\u00bb#041e42&#8243; header_text_color=\u00bb#226ea6&#8243; header_3_font=\u00bbGotham Bold||||||||\u00bb header_3_text_align=\u00bbleft\u00bb header_3_text_color=\u00bb#226ea6&#8243; header_3_font_size=\u00bb34px\u00bb custom_margin=\u00bb||0px||false|false\u00bb custom_padding=\u00bb||0px||false|false\u00bb locked=\u00bboff\u00bb global_colors_info=\u00bb{}\u00bb]<\/p>\n<p>Redacci\u00f3n a 2 de abril de 2025<\/p>\n<p>[\/et_pb_text][et_pb_text _builder_version=\u00bb4.27.4&#8243; _module_preset=\u00bbdefault\u00bb text_font=\u00bbGotham Light||||||||\u00bb text_text_color=\u00bb#041e42&#8243; text_font_size=\u00bb16px\u00bb header_text_color=\u00bb#226ea6&#8243; header_3_font=\u00bbGotham Bold||||||||\u00bb header_3_text_align=\u00bbleft\u00bb header_3_text_color=\u00bb#226ea6&#8243; header_3_font_size=\u00bb34px\u00bb global_colors_info=\u00bb{}\u00bb]<\/p>\n<p class=\"p2\"><span class=\"s1\"> <\/span>El Festival El Chupete, el prestigioso certamen internacional de comunicaci\u00f3n infantil y juvenil, confirma su jurado definitivo para esta edici\u00f3n.<\/p>\n<p class=\"p2\">Un grupo de expertos de primer nivel evaluar\u00e1 las mejores piezas creativas del sector, reafirmando el compromiso del festival con la excelencia y la innovaci\u00f3n en la comunicaci\u00f3n dirigida al p\u00fablico infantil y juvenil.<\/p>\n<p class=\"p2\"><span class=\"s1\"> <\/span>El jurado de esta edici\u00f3n est\u00e1 compuesto por:<\/p>\n<p>[\/et_pb_text][\/et_pb_column][\/et_pb_row][\/et_pb_section][et_pb_section fb_built=\u00bb1&#8243; disabled_on=\u00bboff|off|off\u00bb module_id=\u00bbjurado-completo\u00bb _builder_version=\u00bb4.27.4&#8243; _module_preset=\u00bbdefault\u00bb background_image=\u00bbhttps:\/\/elchupete.com\/wp-content\/uploads\/2021\/03\/elchupete-backnotes.jpg\u00bb min_height=\u00bb600px\u00bb min_height_tablet=\u00bb\u00bb min_height_phone=\u00bb\u00bb min_height_last_edited=\u00bbon|tablet\u00bb custom_margin=\u00bb|0px||0px|false|true\u00bb custom_margin_tablet=\u00bb|0px||0px|false|true\u00bb custom_margin_phone=\u00bb|0px||0px|false|true\u00bb custom_margin_last_edited=\u00bbon|phone\u00bb custom_padding=\u00bb100px|25px|100px|25px|true|true\u00bb custom_css_main_element=\u00bbdisplay: flex;||flex-direction: column;||justify-content: center;||align-items: center;\u00bb locked=\u00bboff\u00bb global_colors_info=\u00bb{}\u00bb][et_pb_row column_structure=\u00bb1_4,1_4,1_4,1_4&#8243; module_class=\u00bbdos-columnas\u00bb _builder_version=\u00bb4.27.4&#8243; _module_preset=\u00bbdefault\u00bb width=\u00bb100%\u00bb max_width=\u00bb1200px\u00bb custom_padding=\u00bb0px||0px||true|false\u00bb global_colors_info=\u00bb{}\u00bb][et_pb_column type=\u00bb1_4&#8243; _builder_version=\u00bb4.16&#8243; _module_preset=\u00bbdefault\u00bb global_colors_info=\u00bb{}\u00bb][et_pb_image src=\u00bbhttps:\/\/elchupete.com\/wp-content\/uploads\/2025\/04\/nora-kurtin.jpg\u00bb title_text=\u00bbnora-kurtin\u00bb url_new_window=\u00bbon\u00bb align=\u00bbcenter\u00bb _builder_version=\u00bb4.27.4&#8243; _module_preset=\u00bbdefault\u00bb max_width=\u00bb140px\u00bb module_alignment=\u00bbcenter\u00bb custom_margin=\u00bb||0px||false|false\u00bb custom_padding=\u00bb15px||15px||true|false\u00bb border_radii=\u00bbon|15px|15px|15px|15px\u00bb global_colors_info=\u00bb{}\u00bb][\/et_pb_image][et_pb_text _builder_version=\u00bb4.27.4&#8243; _module_preset=\u00bbdefault\u00bb text_font=\u00bbGotham Light||||||||\u00bb text_text_color=\u00bb#041e42&#8243; header_4_font=\u00bbGotham Bold||||||||\u00bb header_4_text_color=\u00bb#041e42&#8243; header_4_font_size=\u00bb16px\u00bb header_4_line_height=\u00bb0.9em\u00bb text_orientation=\u00bbcenter\u00bb custom_margin=\u00bb0px||||false|false\u00bb custom_padding=\u00bb0px||||false|false\u00bb global_colors_info=\u00bb{}\u00bb]<span>Nora Kurtin<\/span><\/p>\n<h4><span>Sapos y Princesas<\/span><\/h4>\n<p>[\/et_pb_text][\/et_pb_column][et_pb_column type=\u00bb1_4&#8243; _builder_version=\u00bb4.16&#8243; _module_preset=\u00bbdefault\u00bb global_colors_info=\u00bb{}\u00bb][et_pb_image src=\u00bbhttps:\/\/elchupete.com\/wp-content\/uploads\/2025\/03\/javier-san-roman.jpg\u00bb title_text=\u00bbjavier-san-roman\u00bb url_new_window=\u00bbon\u00bb align=\u00bbcenter\u00bb _builder_version=\u00bb4.27.4&#8243; _module_preset=\u00bbdefault\u00bb max_width=\u00bb140px\u00bb module_alignment=\u00bbcenter\u00bb custom_margin=\u00bb||0px||false|false\u00bb custom_padding=\u00bb15px||10px||false|false\u00bb border_radii=\u00bbon|15px|15px|15px|15px\u00bb border_color_all=\u00bb#3ea0de\u00bb global_colors_info=\u00bb{}\u00bb][\/et_pb_image][et_pb_text _builder_version=\u00bb4.27.4&#8243; _module_preset=\u00bbdefault\u00bb text_font=\u00bbGotham Light||||||||\u00bb text_text_color=\u00bb#041e42&#8243; header_4_font=\u00bbGotham Bold||||||||\u00bb header_4_text_color=\u00bb#041e42&#8243; header_4_font_size=\u00bb16px\u00bb header_4_line_height=\u00bb0.9em\u00bb text_orientation=\u00bbcenter\u00bb custom_margin=\u00bb0px||||false|false\u00bb custom_padding=\u00bb0px||||false|false\u00bb global_colors_info=\u00bb{}\u00bb]<\/p>\n<p><span>Javier San Rom\u00e1n<\/span><\/p>\n<h4><span> Editor Grupo Control Publicidad<\/span><\/h4>\n<p>[\/et_pb_text][\/et_pb_column][et_pb_column type=\u00bb1_4&#8243; _builder_version=\u00bb4.16&#8243; _module_preset=\u00bbdefault\u00bb global_colors_info=\u00bb{}\u00bb][et_pb_image src=\u00bbhttps:\/\/elchupete.com\/wp-content\/uploads\/2025\/03\/alivia-ortega.jpg\u00bb title_text=\u00bbalivia-ortega\u00bb url_new_window=\u00bbon\u00bb align=\u00bbcenter\u00bb _builder_version=\u00bb4.27.4&#8243; _module_preset=\u00bbdefault\u00bb max_width=\u00bb140px\u00bb module_alignment=\u00bbcenter\u00bb custom_margin=\u00bb||0px||false|false\u00bb custom_padding=\u00bb15px||10px||false|false\u00bb border_radii=\u00bbon|15px|15px|15px|15px\u00bb global_colors_info=\u00bb{}\u00bb][\/et_pb_image][et_pb_text _builder_version=\u00bb4.27.4&#8243; _module_preset=\u00bbdefault\u00bb text_font=\u00bbGotham Light||||||||\u00bb text_text_color=\u00bb#041e42&#8243; header_4_font=\u00bbGotham Bold||||||||\u00bb header_4_text_color=\u00bb#041e42&#8243; header_4_font_size=\u00bb16px\u00bb header_4_line_height=\u00bb0.9em\u00bb text_orientation=\u00bbcenter\u00bb custom_margin=\u00bb0px||||false|false\u00bb custom_padding=\u00bb0px||||false|false\u00bb global_colors_info=\u00bb{}\u00bb]<\/p>\n<p><span>Alicia Ortega<\/span><\/p>\n<h4><span>Artsana<\/span><\/h4>\n<p>[\/et_pb_text][\/et_pb_column][et_pb_column type=\u00bb1_4&#8243; _builder_version=\u00bb4.16&#8243; _module_preset=\u00bbdefault\u00bb global_colors_info=\u00bb{}\u00bb][et_pb_image src=\u00bbhttps:\/\/elchupete.com\/wp-content\/uploads\/2025\/03\/pedro-oliva.jpg\u00bb title_text=\u00bbpedro-oliva\u00bb url_new_window=\u00bbon\u00bb align=\u00bbcenter\u00bb _builder_version=\u00bb4.27.4&#8243; _module_preset=\u00bbdefault\u00bb max_width=\u00bb140px\u00bb module_alignment=\u00bbcenter\u00bb custom_margin=\u00bb||0px||false|false\u00bb custom_padding=\u00bb15px||10px||false|false\u00bb border_radii=\u00bbon|15px|15px|15px|15px\u00bb global_colors_info=\u00bb{}\u00bb][\/et_pb_image][et_pb_text _builder_version=\u00bb4.27.4&#8243; _module_preset=\u00bbdefault\u00bb text_font=\u00bbGotham Light||||||||\u00bb text_text_color=\u00bb#041e42&#8243; header_4_font=\u00bbGotham Bold||||||||\u00bb header_4_text_color=\u00bb#041e42&#8243; header_4_font_size=\u00bb16px\u00bb header_4_line_height=\u00bb0.9em\u00bb text_orientation=\u00bbcenter\u00bb custom_margin=\u00bb0px||||false|false\u00bb custom_padding=\u00bb0px||||false|false\u00bb global_colors_info=\u00bb{}\u00bb]<\/p>\n<p><span>Pedro Oliva<\/span><\/p>\n<h4><span>Fiesta<\/span><\/h4>\n<p>[\/et_pb_text][\/et_pb_column][\/et_pb_row][et_pb_row column_structure=\u00bb1_4,1_4,1_4,1_4&#8243; module_class=\u00bbdos-columnas\u00bb _builder_version=\u00bb4.27.4&#8243; _module_preset=\u00bbdefault\u00bb width=\u00bb100%\u00bb max_width=\u00bb1200px\u00bb custom_padding=\u00bb0px||0px||true|false\u00bb global_colors_info=\u00bb{}\u00bb][et_pb_column type=\u00bb1_4&#8243; _builder_version=\u00bb4.16&#8243; _module_preset=\u00bbdefault\u00bb global_colors_info=\u00bb{}\u00bb][et_pb_image src=\u00bbhttps:\/\/elchupete.com\/wp-content\/uploads\/2025\/03\/fran-lopez.jpg\u00bb title_text=\u00bbfran-lopez\u00bb url_new_window=\u00bbon\u00bb align=\u00bbcenter\u00bb _builder_version=\u00bb4.27.4&#8243; _module_preset=\u00bbdefault\u00bb max_width=\u00bb140px\u00bb module_alignment=\u00bbcenter\u00bb custom_margin=\u00bb||0px||false|false\u00bb custom_padding=\u00bb15px||15px||true|false\u00bb border_radii=\u00bbon|15px|15px|15px|15px\u00bb global_colors_info=\u00bb{}\u00bb][\/et_pb_image][et_pb_text _builder_version=\u00bb4.27.4&#8243; _module_preset=\u00bbdefault\u00bb text_font=\u00bbGotham Light||||||||\u00bb text_text_color=\u00bb#041e42&#8243; header_4_font=\u00bbGotham Bold||||||||\u00bb header_4_text_color=\u00bb#041e42&#8243; header_4_font_size=\u00bb16px\u00bb header_4_line_height=\u00bb0.9em\u00bb text_orientation=\u00bbcenter\u00bb custom_margin=\u00bb0px||||false|false\u00bb custom_padding=\u00bb0px||||false|false\u00bb global_colors_info=\u00bb{}\u00bb]<\/p>\n<p><span>Fran L\u00f3pez<\/span><\/p>\n<h4><span>CLV<\/span><\/h4>\n<p>[\/et_pb_text][\/et_pb_column][et_pb_column type=\u00bb1_4&#8243; _builder_version=\u00bb4.16&#8243; _module_preset=\u00bbdefault\u00bb global_colors_info=\u00bb{}\u00bb][et_pb_image src=\u00bbhttps:\/\/elchupete.com\/wp-content\/uploads\/2025\/03\/flocelo-puig.jpg\u00bb title_text=\u00bbflocelo-puig\u00bb url_new_window=\u00bbon\u00bb align=\u00bbcenter\u00bb _builder_version=\u00bb4.27.4&#8243; _module_preset=\u00bbdefault\u00bb max_width=\u00bb140px\u00bb module_alignment=\u00bbcenter\u00bb custom_margin=\u00bb||0px||false|false\u00bb custom_padding=\u00bb15px||10px||false|false\u00bb border_radii=\u00bbon|15px|15px|15px|15px\u00bb border_color_all=\u00bb#3ea0de\u00bb global_colors_info=\u00bb{}\u00bb][\/et_pb_image][et_pb_text _builder_version=\u00bb4.27.4&#8243; _module_preset=\u00bbdefault\u00bb text_font=\u00bbGotham Light||||||||\u00bb text_text_color=\u00bb#041e42&#8243; header_4_font=\u00bbGotham Bold||||||||\u00bb header_4_text_color=\u00bb#041e42&#8243; header_4_font_size=\u00bb16px\u00bb header_4_line_height=\u00bb0.9em\u00bb text_orientation=\u00bbcenter\u00bb custom_margin=\u00bb0px||||false|false\u00bb custom_padding=\u00bb0px||||false|false\u00bb global_colors_info=\u00bb{}\u00bb]<\/p>\n<p><span>Flocelo Puig<\/span><\/p>\n<h4><span>Creast<\/span><\/h4>\n<p>[\/et_pb_text][\/et_pb_column][et_pb_column type=\u00bb1_4&#8243; _builder_version=\u00bb4.16&#8243; _module_preset=\u00bbdefault\u00bb global_colors_info=\u00bb{}\u00bb][et_pb_image src=\u00bbhttps:\/\/elchupete.com\/wp-content\/uploads\/2025\/03\/jorge-martinez.jpg\u00bb title_text=\u00bbjorge-martinez\u00bb url_new_window=\u00bbon\u00bb align=\u00bbcenter\u00bb _builder_version=\u00bb4.27.4&#8243; _module_preset=\u00bbdefault\u00bb max_width=\u00bb140px\u00bb module_alignment=\u00bbcenter\u00bb custom_margin=\u00bb||0px||false|false\u00bb custom_padding=\u00bb15px||10px||false|false\u00bb border_radii=\u00bbon|15px|15px|15px|15px\u00bb global_colors_info=\u00bb{}\u00bb][\/et_pb_image][et_pb_text _builder_version=\u00bb4.27.4&#8243; _module_preset=\u00bbdefault\u00bb text_font=\u00bbGotham Light||||||||\u00bb text_text_color=\u00bb#041e42&#8243; header_4_font=\u00bbGotham Bold||||||||\u00bb header_4_text_color=\u00bb#041e42&#8243; header_4_font_size=\u00bb16px\u00bb header_4_line_height=\u00bb0.9em\u00bb text_orientation=\u00bbcenter\u00bb custom_margin=\u00bb0px||||false|false\u00bb custom_padding=\u00bb0px||||false|false\u00bb global_colors_info=\u00bb{}\u00bb]<\/p>\n<p><span>Jorge Mart\u00ednez<\/span><\/p>\n<h4><span>Carmela Produce<\/span><\/h4>\n<p>[\/et_pb_text][\/et_pb_column][et_pb_column type=\u00bb1_4&#8243; _builder_version=\u00bb4.16&#8243; _module_preset=\u00bbdefault\u00bb global_colors_info=\u00bb{}\u00bb][et_pb_image src=\u00bbhttps:\/\/elchupete.com\/wp-content\/uploads\/2025\/03\/arturo-lopez.jpg\u00bb title_text=\u00bbarturo-lopez\u00bb url_new_window=\u00bbon\u00bb align=\u00bbcenter\u00bb _builder_version=\u00bb4.27.4&#8243; _module_preset=\u00bbdefault\u00bb max_width=\u00bb140px\u00bb module_alignment=\u00bbcenter\u00bb custom_margin=\u00bb||0px||false|false\u00bb custom_padding=\u00bb15px||10px||false|false\u00bb border_radii=\u00bbon|15px|15px|15px|15px\u00bb global_colors_info=\u00bb{}\u00bb][\/et_pb_image][et_pb_text _builder_version=\u00bb4.27.4&#8243; _module_preset=\u00bbdefault\u00bb text_font=\u00bbGotham Light||||||||\u00bb text_text_color=\u00bb#041e42&#8243; header_4_font=\u00bbGotham Bold||||||||\u00bb header_4_text_color=\u00bb#041e42&#8243; header_4_font_size=\u00bb16px\u00bb header_4_line_height=\u00bb0.9em\u00bb text_orientation=\u00bbcenter\u00bb custom_margin=\u00bb0px||||false|false\u00bb custom_padding=\u00bb0px||||false|false\u00bb global_colors_info=\u00bb{}\u00bb]<\/p>\n<p><span>Arturo L\u00f3pez<\/span><\/p>\n<h4><span>Publicis<\/span><\/h4>\n<p>[\/et_pb_text][\/et_pb_column][\/et_pb_row][et_pb_row column_structure=\u00bb1_4,1_4,1_4,1_4&#8243; module_class=\u00bbdos-columnas\u00bb _builder_version=\u00bb4.16&#8243; _module_preset=\u00bbdefault\u00bb width=\u00bb100%\u00bb max_width=\u00bb1200px\u00bb custom_padding=\u00bb0px||0px||true|false\u00bb global_colors_info=\u00bb{}\u00bb][et_pb_column type=\u00bb1_4&#8243; _builder_version=\u00bb4.16&#8243; _module_preset=\u00bbdefault\u00bb global_colors_info=\u00bb{}\u00bb][et_pb_image src=\u00bbhttps:\/\/elchupete.com\/wp-content\/uploads\/2025\/03\/maite-frances.jpg\u00bb title_text=\u00bbmaite-frances\u00bb url_new_window=\u00bbon\u00bb align=\u00bbcenter\u00bb _builder_version=\u00bb4.27.4&#8243; _module_preset=\u00bbdefault\u00bb max_width=\u00bb140px\u00bb module_alignment=\u00bbcenter\u00bb custom_margin=\u00bb||0px||false|false\u00bb custom_padding=\u00bb15px||15px||true|false\u00bb border_radii=\u00bbon|15px|15px|15px|15px\u00bb global_colors_info=\u00bb{}\u00bb][\/et_pb_image][et_pb_text _builder_version=\u00bb4.27.4&#8243; _module_preset=\u00bbdefault\u00bb text_font=\u00bbGotham Light||||||||\u00bb text_text_color=\u00bb#041e42&#8243; header_4_font=\u00bbGotham Bold||||||||\u00bb header_4_text_color=\u00bb#041e42&#8243; header_4_font_size=\u00bb16px\u00bb header_4_line_height=\u00bb0.9em\u00bb text_orientation=\u00bbcenter\u00bb custom_margin=\u00bb0px||||false|false\u00bb custom_padding=\u00bb0px||||false|false\u00bb global_colors_info=\u00bb{}\u00bb]<\/p>\n<p><span>Maite Franc\u00e9s<\/span><\/p>\n<h4><span>Asociaci\u00f3n Juguetera<\/span><\/h4>\n<p>[\/et_pb_text][\/et_pb_column][et_pb_column type=\u00bb1_4&#8243; _builder_version=\u00bb4.16&#8243; _module_preset=\u00bbdefault\u00bb global_colors_info=\u00bb{}\u00bb][et_pb_image src=\u00bbhttps:\/\/elchupete.com\/wp-content\/uploads\/2025\/04\/victor-conde.jpg\u00bb title_text=\u00bbvictor-conde\u00bb url_new_window=\u00bbon\u00bb align=\u00bbcenter\u00bb _builder_version=\u00bb4.27.4&#8243; _module_preset=\u00bbdefault\u00bb max_width=\u00bb140px\u00bb module_alignment=\u00bbcenter\u00bb custom_margin=\u00bb||0px||false|false\u00bb custom_padding=\u00bb15px||15px||true|false\u00bb border_radii=\u00bbon|15px|15px|15px|15px\u00bb global_colors_info=\u00bb{}\u00bb][\/et_pb_image][et_pb_text _builder_version=\u00bb4.27.4&#8243; _module_preset=\u00bbdefault\u00bb text_font=\u00bbGotham Light||||||||\u00bb text_text_color=\u00bb#041e42&#8243; header_4_font=\u00bbGotham Bold||||||||\u00bb header_4_text_color=\u00bb#041e42&#8243; header_4_font_size=\u00bb16px\u00bb header_4_line_height=\u00bb0.9em\u00bb text_orientation=\u00bbcenter\u00bb custom_margin=\u00bb0px||||false|false\u00bb custom_padding=\u00bb0px||||false|false\u00bb global_colors_info=\u00bb{}\u00bb]<span>V\u00edctor Conde <\/span><\/p>\n<h4><span>Ex Asociaci\u00f3n de Marketing<\/span><\/h4>\n<p>[\/et_pb_text][\/et_pb_column][et_pb_column type=\u00bb1_4&#8243; _builder_version=\u00bb4.16&#8243; _module_preset=\u00bbdefault\u00bb global_colors_info=\u00bb{}\u00bb][et_pb_image src=\u00bbhttps:\/\/elchupete.com\/wp-content\/uploads\/2025\/04\/raquel-baena.jpg\u00bb title_text=\u00bbraquel-baena\u00bb url_new_window=\u00bbon\u00bb align=\u00bbcenter\u00bb _builder_version=\u00bb4.27.4&#8243; _module_preset=\u00bbdefault\u00bb max_width=\u00bb140px\u00bb module_alignment=\u00bbcenter\u00bb custom_margin=\u00bb||0px||false|false\u00bb custom_padding=\u00bb15px||15px||true|false\u00bb border_radii=\u00bbon|15px|15px|15px|15px\u00bb global_colors_info=\u00bb{}\u00bb][\/et_pb_image][et_pb_text _builder_version=\u00bb4.27.4&#8243; _module_preset=\u00bbdefault\u00bb text_font=\u00bbGotham Light||||||||\u00bb text_text_color=\u00bb#041e42&#8243; header_4_font=\u00bbGotham Bold||||||||\u00bb header_4_text_color=\u00bb#041e42&#8243; header_4_font_size=\u00bb16px\u00bb header_4_line_height=\u00bb0.9em\u00bb text_orientation=\u00bbcenter\u00bb custom_margin=\u00bb0px||||false|false\u00bb custom_padding=\u00bb0px||||false|false\u00bb global_colors_info=\u00bb{}\u00bb]<span>Raquel Baena <\/span><\/p>\n<h4><span>Moeve<\/span><\/h4>\n<p>[\/et_pb_text][\/et_pb_column][et_pb_column type=\u00bb1_4&#8243; _builder_version=\u00bb4.16&#8243; _module_preset=\u00bbdefault\u00bb global_colors_info=\u00bb{}\u00bb][et_pb_image src=\u00bbhttps:\/\/elchupete.com\/wp-content\/uploads\/2025\/04\/irene-cano.jpg\u00bb title_text=\u00bbirene-cano\u00bb url_new_window=\u00bbon\u00bb align=\u00bbcenter\u00bb _builder_version=\u00bb4.27.4&#8243; _module_preset=\u00bbdefault\u00bb max_width=\u00bb140px\u00bb module_alignment=\u00bbcenter\u00bb custom_margin=\u00bb||0px||false|false\u00bb custom_padding=\u00bb15px||15px||true|false\u00bb border_radii=\u00bbon|15px|15px|15px|15px\u00bb global_colors_info=\u00bb{}\u00bb][\/et_pb_image][et_pb_text _builder_version=\u00bb4.27.4&#8243; _module_preset=\u00bbdefault\u00bb text_font=\u00bbGotham Light||||||||\u00bb text_text_color=\u00bb#041e42&#8243; header_4_font=\u00bbGotham Bold||||||||\u00bb header_4_text_color=\u00bb#041e42&#8243; header_4_font_size=\u00bb16px\u00bb header_4_line_height=\u00bb0.9em\u00bb text_orientation=\u00bbcenter\u00bb custom_margin=\u00bb0px||||false|false\u00bb custom_padding=\u00bb0px||||false|false\u00bb global_colors_info=\u00bb{}\u00bb]<span>Irene Cano <\/span><\/p>\n<h4><span>Suavinex<\/span><\/h4>\n<p>[\/et_pb_text][\/et_pb_column][\/et_pb_row][et_pb_row column_structure=\u00bb1_4,1_4,1_4,1_4&#8243; module_class=\u00bbdos-columnas\u00bb _builder_version=\u00bb4.16&#8243; _module_preset=\u00bbdefault\u00bb width=\u00bb100%\u00bb max_width=\u00bb1200px\u00bb custom_padding=\u00bb0px||0px||true|false\u00bb global_colors_info=\u00bb{}\u00bb][et_pb_column type=\u00bb1_4&#8243; _builder_version=\u00bb4.16&#8243; _module_preset=\u00bbdefault\u00bb global_colors_info=\u00bb{}\u00bb][et_pb_image src=\u00bbhttps:\/\/elchupete.com\/wp-content\/uploads\/2025\/04\/concha-barreda.jpg\u00bb title_text=\u00bbconcha-barreda\u00bb url_new_window=\u00bbon\u00bb align=\u00bbcenter\u00bb _builder_version=\u00bb4.27.4&#8243; _module_preset=\u00bbdefault\u00bb max_width=\u00bb140px\u00bb module_alignment=\u00bbcenter\u00bb custom_margin=\u00bb||0px||false|false\u00bb custom_padding=\u00bb15px||15px||true|false\u00bb border_radii=\u00bbon|15px|15px|15px|15px\u00bb global_colors_info=\u00bb{}\u00bb][\/et_pb_image][et_pb_text _builder_version=\u00bb4.27.4&#8243; _module_preset=\u00bbdefault\u00bb text_font=\u00bbGotham Light||||||||\u00bb text_text_color=\u00bb#041e42&#8243; header_4_font=\u00bbGotham Bold||||||||\u00bb header_4_text_color=\u00bb#041e42&#8243; header_4_font_size=\u00bb16px\u00bb header_4_line_height=\u00bb0.9em\u00bb text_orientation=\u00bbcenter\u00bb custom_margin=\u00bb0px||||false|false\u00bb custom_padding=\u00bb0px||||false|false\u00bb global_colors_info=\u00bb{}\u00bb]<span>Concha Barreda <\/span><\/p>\n<h4><span>Mondelez<\/span><\/h4>\n<p>[\/et_pb_text][\/et_pb_column][et_pb_column type=\u00bb1_4&#8243; _builder_version=\u00bb4.16&#8243; _module_preset=\u00bbdefault\u00bb global_colors_info=\u00bb{}\u00bb][et_pb_image src=\u00bbhttps:\/\/elchupete.com\/wp-content\/uploads\/2025\/04\/silvia-martin.jpg\u00bb title_text=\u00bbsilvia-martin\u00bb url_new_window=\u00bbon\u00bb align=\u00bbcenter\u00bb _builder_version=\u00bb4.27.4&#8243; _module_preset=\u00bbdefault\u00bb max_width=\u00bb140px\u00bb module_alignment=\u00bbcenter\u00bb custom_margin=\u00bb||0px||false|false\u00bb custom_padding=\u00bb15px||15px||true|false\u00bb border_radii=\u00bbon|15px|15px|15px|15px\u00bb global_colors_info=\u00bb{}\u00bb][\/et_pb_image][et_pb_text _builder_version=\u00bb4.27.4&#8243; _module_preset=\u00bbdefault\u00bb text_font=\u00bbGotham Light||||||||\u00bb text_text_color=\u00bb#041e42&#8243; header_4_font=\u00bbGotham Bold||||||||\u00bb header_4_text_color=\u00bb#041e42&#8243; header_4_font_size=\u00bb16px\u00bb header_4_line_height=\u00bb0.9em\u00bb text_orientation=\u00bbcenter\u00bb custom_margin=\u00bb0px||||false|false\u00bb custom_padding=\u00bb0px||||false|false\u00bb global_colors_info=\u00bb{}\u00bb]<span>Silvia Mart\u00edn<\/span><\/p>\n<h4><span>Smartbox<\/span><\/h4>\n<p>[\/et_pb_text][\/et_pb_column][et_pb_column type=\u00bb1_4&#8243; _builder_version=\u00bb4.16&#8243; _module_preset=\u00bbdefault\u00bb global_colors_info=\u00bb{}\u00bb][et_pb_image src=\u00bbhttps:\/\/elchupete.com\/wp-content\/uploads\/2025\/04\/maria-paya.jpg\u00bb title_text=\u00bbmaria-paya\u00bb url_new_window=\u00bbon\u00bb align=\u00bbcenter\u00bb _builder_version=\u00bb4.27.4&#8243; _module_preset=\u00bbdefault\u00bb max_width=\u00bb140px\u00bb module_alignment=\u00bbcenter\u00bb custom_margin=\u00bb||0px||false|false\u00bb custom_padding=\u00bb15px||15px||true|false\u00bb border_radii=\u00bbon|15px|15px|15px|15px\u00bb global_colors_info=\u00bb{}\u00bb][\/et_pb_image][et_pb_text _builder_version=\u00bb4.27.4&#8243; _module_preset=\u00bbdefault\u00bb text_font=\u00bbGotham Light||||||||\u00bb text_text_color=\u00bb#041e42&#8243; header_4_font=\u00bbGotham Bold||||||||\u00bb header_4_text_color=\u00bb#041e42&#8243; header_4_font_size=\u00bb16px\u00bb header_4_line_height=\u00bb0.9em\u00bb text_orientation=\u00bbcenter\u00bb custom_margin=\u00bb0px||||false|false\u00bb custom_padding=\u00bb0px||||false|false\u00bb global_colors_info=\u00bb{}\u00bb]<span>Mar\u00eda Paya<\/span><\/p>\n<h4><span>Hasbro<\/span><\/h4>\n<p>[\/et_pb_text][\/et_pb_column][et_pb_column type=\u00bb1_4&#8243; _builder_version=\u00bb4.16&#8243; _module_preset=\u00bbdefault\u00bb global_colors_info=\u00bb{}\u00bb][\/et_pb_column][\/et_pb_row][\/et_pb_section][et_pb_section fb_built=\u00bb1&#8243; _builder_version=\u00bb4.16&#8243; _module_preset=\u00bbdefault\u00bb background_image=\u00bbhttps:\/\/elchupete.com\/wp-content\/uploads\/2021\/03\/elchupete-backnotes.jpg\u00bb min_height_tablet=\u00bb\u00bb min_height_phone=\u00bb\u00bb min_height_last_edited=\u00bbon|tablet\u00bb custom_margin=\u00bb0px|0px|0px|0px|false|true\u00bb custom_margin_tablet=\u00bb|0px||0px|false|true\u00bb custom_margin_phone=\u00bb|0px||0px|false|true\u00bb custom_margin_last_edited=\u00bbon|phone\u00bb custom_padding=\u00bb0px|25px|0px|25px|false|true\u00bb global_colors_info=\u00bb{}\u00bb][et_pb_row _builder_version=\u00bb4.16&#8243; _module_preset=\u00bbdefault\u00bb width=\u00bb100%\u00bb max_width=\u00bb1200px\u00bb custom_padding=\u00bb2px|||||\u00bb global_colors_info=\u00bb{}\u00bb][et_pb_column type=\u00bb4_4&#8243; _builder_version=\u00bb4.16&#8243; _module_preset=\u00bbdefault\u00bb global_colors_info=\u00bb{}\u00bb][et_pb_text _builder_version=\u00bb4.27.4&#8243; _module_preset=\u00bbdefault\u00bb text_font=\u00bbGotham Light||||||||\u00bb text_text_color=\u00bb#041e42&#8243; text_font_size=\u00bb16px\u00bb header_text_color=\u00bb#226ea6&#8243; header_3_font=\u00bbGotham Bold||||||||\u00bb header_3_text_align=\u00bbleft\u00bb header_3_text_color=\u00bb#226ea6&#8243; header_3_font_size=\u00bb34px\u00bb global_colors_info=\u00bb{}\u00bb]<\/p>\n<p class=\"p1\">Este panel de expertos garantizar\u00e1 una evaluaci\u00f3n minuciosa de los trabajos inscritos, poniendo en valor la originalidad y el talento en el \u00e1mbito de la comunicaci\u00f3n infantil y juvenil.<\/p>\n<p class=\"p1\">Adem\u00e1s, por si a\u00fan no te hab\u00edas enterado, en esta edici\u00f3n el festival introduce una <b>nueva modalidad de inscripci\u00f3n<\/b>: una tarifa plana de <b>500 \u20ac <\/b>que permite presentar un n\u00famero ilimitado de piezas. Una oportunidad ideal para que agencias, marcas y profesionales del sector puedan mostrar todo su potencial en el certamen. Para quienes prefieran inscribir una \u00fanica pieza, la tarifa individual se mantiene en <b>300 \u20ac. <\/b><b><\/b><\/p>\n<p class=\"p1\">Con esta iniciativa, El Chupete refuerza su apuesta por la excelencia y sigue consolid\u00e1ndose como el evento de referencia en la comunicaci\u00f3n dirigida a las nuevas generaciones.<\/p>\n<p>[\/et_pb_text][et_pb_text _builder_version=\u00bb4.27.4&#8243; _module_preset=\u00bbdefault\u00bb text_font=\u00bbGotham Light||||||||\u00bb text_text_color=\u00bb#041e42&#8243; text_font_size=\u00bb16px\u00bb header_text_color=\u00bb#226ea6&#8243; header_3_font=\u00bbGotham Bold||||||||\u00bb header_3_text_align=\u00bbleft\u00bb header_3_text_color=\u00bb#041e42&#8243; header_3_font_size=\u00bb21px\u00bb global_colors_info=\u00bb{}\u00bb]<\/p>\n<h3><span><strong>Sobre El Chupete<\/strong><\/span><\/h3>\n<p>El Chupete es una instituci\u00f3n independiente promovida por profesionales del mundo de la comunicaci\u00f3n y de la educaci\u00f3n que tiene como objetivo prioritario promover la comunicaci\u00f3n infantil responsable e incentivar la creatividad en los ni\u00f1os.<\/p>\n<h3><span><strong>Contacto para medios<\/strong><\/span><\/h3>\n<p><a href=\"mailto:comunicacion@elchupete.com\" target=\"_blank\" rel=\"noopener noreferrer\">comunicacion@elchupete.com<\/a><\/p>\n<p>[\/et_pb_text][et_pb_button button_url=\u00bbhttps:\/\/elchupete.com\/inscripciones\/\u00bb button_text=\u00bb\u00a1Inscribirme en El Chupete!\u00bb _builder_version=\u00bb4.27.4&#8243; _module_preset=\u00bbdefault\u00bb custom_button=\u00bbon\u00bb button_text_color=\u00bb#FFFFFF\u00bb button_bg_color=\u00bb#3e9cda\u00bb button_border_width=\u00bb0px\u00bb button_border_radius=\u00bb10px\u00bb button_font=\u00bbGotham Bold||||||||\u00bb global_colors_info=\u00bb{}\u00bb][\/et_pb_button][\/et_pb_column][\/et_pb_row][\/et_pb_section][et_pb_section fb_built=\u00bb1&#8243; _builder_version=\u00bb4.16&#8243; _module_preset=\u00bbdefault\u00bb background_image=\u00bbhttps:\/\/elchupete.com\/wp-content\/uploads\/2021\/03\/elchupete-backnotes.jpg\u00bb min_height_tablet=\u00bb\u00bb min_height_phone=\u00bb\u00bb min_height_last_edited=\u00bbon|tablet\u00bb custom_margin=\u00bb0px|0px|0px|0px|false|true\u00bb custom_margin_tablet=\u00bb|0px||0px|false|true\u00bb custom_margin_phone=\u00bb|0px||0px|false|true\u00bb custom_margin_last_edited=\u00bbon|phone\u00bb custom_padding=\u00bb0px|25px|0px|25px|false|true\u00bb global_colors_info=\u00bb{}\u00bb][et_pb_row _builder_version=\u00bb4.16&#8243; _module_preset=\u00bbdefault\u00bb width=\u00bb100%\u00bb max_width=\u00bb1200px\u00bb custom_padding=\u00bb||0px||false|false\u00bb global_colors_info=\u00bb{}\u00bb][et_pb_column type=\u00bb4_4&#8243; _builder_version=\u00bb4.16&#8243; _module_preset=\u00bbdefault\u00bb custom_padding=\u00bb0px||||false|false\u00bb custom_padding_tablet=\u00bb30px||||false|false\u00bb custom_padding_phone=\u00bb20px||||false|false\u00bb custom_padding_last_edited=\u00bbon|desktop\u00bb global_colors_info=\u00bb{}\u00bb][et_pb_text _builder_version=\u00bb4.27.4&#8243; _module_preset=\u00bbdefault\u00bb header_text_color=\u00bb#226ea6&#8243; header_3_font=\u00bbGotham Bold||||||||\u00bb header_3_text_align=\u00bbleft\u00bb header_3_text_color=\u00bb#226ea6&#8243; header_3_font_size=\u00bb21px\u00bb module_alignment=\u00bbcenter\u00bb global_colors_info=\u00bb{}\u00bb]<\/p>\n<h3>Tambi\u00e9n puede interesarte&#8230;<\/h3>\n<p>[\/et_pb_text][et_pb_blog fullwidth=\u00bboff\u00bb posts_number=\u00bb3&#8243; include_categories=\u00bball\u00bb use_manual_excerpt=\u00bboff\u00bb excerpt_length=\u00bb150&#8243; show_author=\u00bboff\u00bb show_date=\u00bboff\u00bb show_categories=\u00bboff\u00bb show_pagination=\u00bboff\u00bb _builder_version=\u00bb4.16&#8243; _module_preset=\u00bbdefault\u00bb header_font=\u00bbGotham Bold||||||||\u00bb header_text_color=\u00bb#FFFFFF\u00bb body_font=\u00bbGotham Light||||||||\u00bb body_text_color=\u00bb#FFFFFF\u00bb background_color=\u00bbRGBA(0,0,0,0)\u00bb text_orientation=\u00bbcenter\u00bb border_radii=\u00bbon|15px|15px|15px|15px\u00bb border_width_all=\u00bb0px\u00bb global_colors_info=\u00bb{}\u00bb][\/et_pb_blog][\/et_pb_column][\/et_pb_row][\/et_pb_section]<\/p>\n","protected":false},"excerpt":{"rendered":"<p>El Festival Internacional de Comunicaci\u00f3n Infantil El Chupete ha presentado hoy a un jurado de aut\u00e9ntico lujo, encabezado por Germ\u00e1n Silva, presidente de El Chupete 2022.<\/p>","protected":false},"author":5,"featured_media":3581,"comment_status":"closed","ping_status":"closed","sticky":false,"template":"","format":"standard","meta":{"_acf_changed":false,"_et_pb_use_builder":"on","_et_pb_old_content":"","_et_gb_content_width":"2880","footnotes":""},"categories":[7],"tags":[],"class_list":["post-3788","post","type-post","status-publish","format-standard","has-post-thumbnail","hentry","category-prensa"],"acf":[],"yoast_head":"<!-- This site is optimized with the Yoast SEO plugin v27.5 - https:\/\/yoast.com\/product\/yoast-seo-wordpress\/ -->\n<title>El Festival El Chupete anuncia su jurado definitivo<\/title>\n<meta name=\"description\" content=\"El Festival El Chupete, certamen internacional de comunicaci\u00f3n infantil y juvenil, confirma su jurado definitivo para esta edici\u00f3n.\" \/>\n<meta name=\"robots\" content=\"index, follow, max-snippet:-1, max-image-preview:large, max-video-preview:-1\" \/>\n<link rel=\"canonical\" href=\"https:\/\/elchupete.com\/en\/el-festival-el-chupete-anuncia-su-jurado-definitivo\/\" \/>\n<meta property=\"og:locale\" content=\"en_GB\" \/>\n<meta property=\"og:type\" content=\"article\" \/>\n<meta property=\"og:title\" content=\"El Festival El Chupete anuncia su jurado definitivo\" \/>\n<meta property=\"og:description\" content=\"El Festival El Chupete, certamen internacional de comunicaci\u00f3n infantil y juvenil, confirma su jurado definitivo para esta edici\u00f3n.\" \/>\n<meta property=\"og:url\" content=\"https:\/\/elchupete.com\/en\/el-festival-el-chupete-anuncia-su-jurado-definitivo\/\" \/>\n<meta property=\"og:site_name\" content=\"El Chupete\" \/>\n<meta property=\"article:publisher\" content=\"https:\/\/www.facebook.com\/festivalelchupete\/\" \/>\n<meta property=\"article:published_time\" content=\"2025-04-02T13:56:21+00:00\" \/>\n<meta property=\"article:modified_time\" content=\"2025-05-14T12:05:35+00:00\" \/>\n<meta property=\"og:image\" content=\"https:\/\/elchupete.com\/wp-content\/uploads\/2025\/03\/el-chupete-xxa-edicion-presenta-su-ultima-campana-header.jpg\" \/>\n\t<meta property=\"og:image:width\" content=\"1920\" \/>\n\t<meta property=\"og:image:height\" content=\"1080\" \/>\n\t<meta property=\"og:image:type\" content=\"image\/jpeg\" \/>\n<meta name=\"author\" content=\"Miguel Garc\u00eda\" \/>\n<meta name=\"twitter:card\" content=\"summary_large_image\" \/>\n<meta name=\"twitter:creator\" content=\"@elchupete_com\" \/>\n<meta name=\"twitter:site\" content=\"@elchupete_com\" \/>\n<meta name=\"twitter:label1\" content=\"Written by\" \/>\n\t<meta name=\"twitter:data1\" content=\"Miguel Garc\u00eda\" \/>\n\t<meta name=\"twitter:label2\" content=\"Estimated reading time\" \/>\n\t<meta name=\"twitter:data2\" content=\"3 minutes\" \/>\n<script type=\"application\/ld+json\" class=\"yoast-schema-graph\">{\"@context\":\"https:\\\/\\\/schema.org\",\"@graph\":[{\"@type\":\"Article\",\"@id\":\"https:\\\/\\\/elchupete.com\\\/el-festival-el-chupete-anuncia-su-jurado-definitivo\\\/#article\",\"isPartOf\":{\"@id\":\"https:\\\/\\\/elchupete.com\\\/el-festival-el-chupete-anuncia-su-jurado-definitivo\\\/\"},\"author\":{\"name\":\"Miguel Garc\u00eda\",\"@id\":\"https:\\\/\\\/elchupete.com\\\/#\\\/schema\\\/person\\\/c1a89c057f490f58bccbbf39e89f6ef2\"},\"headline\":\"\u00a0El Festival El Chupete anuncia su jurado definitivo\u00a0\",\"datePublished\":\"2025-04-02T13:56:21+00:00\",\"dateModified\":\"2025-05-14T12:05:35+00:00\",\"mainEntityOfPage\":{\"@id\":\"https:\\\/\\\/elchupete.com\\\/el-festival-el-chupete-anuncia-su-jurado-definitivo\\\/\"},\"wordCount\":3648,\"publisher\":{\"@id\":\"https:\\\/\\\/elchupete.com\\\/#organization\"},\"image\":{\"@id\":\"https:\\\/\\\/elchupete.com\\\/el-festival-el-chupete-anuncia-su-jurado-definitivo\\\/#primaryimage\"},\"thumbnailUrl\":\"https:\\\/\\\/elchupete.com\\\/wp-content\\\/uploads\\\/2025\\\/03\\\/el-chupete-xxa-edicion-presenta-su-ultima-campana-header.jpg\",\"articleSection\":[\"Prensa\"],\"inLanguage\":\"en-GB\"},{\"@type\":\"WebPage\",\"@id\":\"https:\\\/\\\/elchupete.com\\\/el-festival-el-chupete-anuncia-su-jurado-definitivo\\\/\",\"url\":\"https:\\\/\\\/elchupete.com\\\/el-festival-el-chupete-anuncia-su-jurado-definitivo\\\/\",\"name\":\"El Festival El Chupete anuncia su jurado definitivo\",\"isPartOf\":{\"@id\":\"https:\\\/\\\/elchupete.com\\\/#website\"},\"primaryImageOfPage\":{\"@id\":\"https:\\\/\\\/elchupete.com\\\/el-festival-el-chupete-anuncia-su-jurado-definitivo\\\/#primaryimage\"},\"image\":{\"@id\":\"https:\\\/\\\/elchupete.com\\\/el-festival-el-chupete-anuncia-su-jurado-definitivo\\\/#primaryimage\"},\"thumbnailUrl\":\"https:\\\/\\\/elchupete.com\\\/wp-content\\\/uploads\\\/2025\\\/03\\\/el-chupete-xxa-edicion-presenta-su-ultima-campana-header.jpg\",\"datePublished\":\"2025-04-02T13:56:21+00:00\",\"dateModified\":\"2025-05-14T12:05:35+00:00\",\"description\":\"El Festival El Chupete, certamen internacional de comunicaci\u00f3n infantil y juvenil, confirma su jurado definitivo para esta edici\u00f3n.\",\"breadcrumb\":{\"@id\":\"https:\\\/\\\/elchupete.com\\\/el-festival-el-chupete-anuncia-su-jurado-definitivo\\\/#breadcrumb\"},\"inLanguage\":\"en-GB\",\"potentialAction\":[{\"@type\":\"ReadAction\",\"target\":[\"https:\\\/\\\/elchupete.com\\\/el-festival-el-chupete-anuncia-su-jurado-definitivo\\\/\"]}]},{\"@type\":\"ImageObject\",\"inLanguage\":\"en-GB\",\"@id\":\"https:\\\/\\\/elchupete.com\\\/el-festival-el-chupete-anuncia-su-jurado-definitivo\\\/#primaryimage\",\"url\":\"https:\\\/\\\/elchupete.com\\\/wp-content\\\/uploads\\\/2025\\\/03\\\/el-chupete-xxa-edicion-presenta-su-ultima-campana-header.jpg\",\"contentUrl\":\"https:\\\/\\\/elchupete.com\\\/wp-content\\\/uploads\\\/2025\\\/03\\\/el-chupete-xxa-edicion-presenta-su-ultima-campana-header.jpg\",\"width\":1920,\"height\":1080},{\"@type\":\"BreadcrumbList\",\"@id\":\"https:\\\/\\\/elchupete.com\\\/el-festival-el-chupete-anuncia-su-jurado-definitivo\\\/#breadcrumb\",\"itemListElement\":[{\"@type\":\"ListItem\",\"position\":1,\"name\":\"Portada\",\"item\":\"https:\\\/\\\/elchupete.com\\\/\"},{\"@type\":\"ListItem\",\"position\":2,\"name\":\"\u00a0El Festival El Chupete anuncia su jurado definitivo\u00a0\"}]},{\"@type\":\"WebSite\",\"@id\":\"https:\\\/\\\/elchupete.com\\\/#website\",\"url\":\"https:\\\/\\\/elchupete.com\\\/\",\"name\":\"El Chupete\",\"description\":\"Festival de Comunicaci\u00f3n Infantil\",\"publisher\":{\"@id\":\"https:\\\/\\\/elchupete.com\\\/#organization\"},\"potentialAction\":[{\"@type\":\"SearchAction\",\"target\":{\"@type\":\"EntryPoint\",\"urlTemplate\":\"https:\\\/\\\/elchupete.com\\\/?s={search_term_string}\"},\"query-input\":{\"@type\":\"PropertyValueSpecification\",\"valueRequired\":true,\"valueName\":\"search_term_string\"}}],\"inLanguage\":\"en-GB\"},{\"@type\":\"Organization\",\"@id\":\"https:\\\/\\\/elchupete.com\\\/#organization\",\"name\":\"El Chupete\",\"url\":\"https:\\\/\\\/elchupete.com\\\/\",\"logo\":{\"@type\":\"ImageObject\",\"inLanguage\":\"en-GB\",\"@id\":\"https:\\\/\\\/elchupete.com\\\/#\\\/schema\\\/logo\\\/image\\\/\",\"url\":\"https:\\\/\\\/elchupete.com\\\/wp-content\\\/uploads\\\/2022\\\/09\\\/elchupete-logo-color.png\",\"contentUrl\":\"https:\\\/\\\/elchupete.com\\\/wp-content\\\/uploads\\\/2022\\\/09\\\/elchupete-logo-color.png\",\"width\":1300,\"height\":550,\"caption\":\"El Chupete\"},\"image\":{\"@id\":\"https:\\\/\\\/elchupete.com\\\/#\\\/schema\\\/logo\\\/image\\\/\"},\"sameAs\":[\"https:\\\/\\\/www.facebook.com\\\/festivalelchupete\\\/\",\"https:\\\/\\\/x.com\\\/elchupete_com\",\"https:\\\/\\\/www.linkedin.com\\\/company\\\/festival-el-chupete\\\/?originalSubdomain=es\",\"https:\\\/\\\/www.youtube.com\\\/channel\\\/UCQQh7miXV7AGPQ0BVwzOJoA\",\"https:\\\/\\\/www.instagram.com\\\/elchupete_com\\\/\"]},{\"@type\":\"Person\",\"@id\":\"https:\\\/\\\/elchupete.com\\\/#\\\/schema\\\/person\\\/c1a89c057f490f58bccbbf39e89f6ef2\",\"name\":\"Miguel Garc\u00eda\",\"image\":{\"@type\":\"ImageObject\",\"inLanguage\":\"en-GB\",\"@id\":\"https:\\\/\\\/elchupete.com\\\/wp-content\\\/litespeed\\\/avatar\\\/93ce02cc5b8ea6fcd334c8a8f8158ad6.jpg?ver=1777311305\",\"url\":\"https:\\\/\\\/elchupete.com\\\/wp-content\\\/litespeed\\\/avatar\\\/93ce02cc5b8ea6fcd334c8a8f8158ad6.jpg?ver=1777311305\",\"contentUrl\":\"https:\\\/\\\/elchupete.com\\\/wp-content\\\/litespeed\\\/avatar\\\/93ce02cc5b8ea6fcd334c8a8f8158ad6.jpg?ver=1777311305\",\"caption\":\"Miguel Garc\u00eda\"},\"url\":\"https:\\\/\\\/elchupete.com\\\/en\\\/author\\\/admin_miguel\\\/\"}]}<\/script>\n<!-- \/ Yoast SEO plugin. -->","yoast_head_json":{"title":"El Festival El Chupete anuncia su jurado definitivo","description":"El Festival El Chupete, certamen internacional de comunicaci\u00f3n infantil y juvenil, confirma su jurado definitivo para esta edici\u00f3n.","robots":{"index":"index","follow":"follow","max-snippet":"max-snippet:-1","max-image-preview":"max-image-preview:large","max-video-preview":"max-video-preview:-1"},"canonical":"https:\/\/elchupete.com\/en\/el-festival-el-chupete-anuncia-su-jurado-definitivo\/","og_locale":"en_GB","og_type":"article","og_title":"El Festival El Chupete anuncia su jurado definitivo","og_description":"El Festival El Chupete, certamen internacional de comunicaci\u00f3n infantil y juvenil, confirma su jurado definitivo para esta edici\u00f3n.","og_url":"https:\/\/elchupete.com\/en\/el-festival-el-chupete-anuncia-su-jurado-definitivo\/","og_site_name":"El Chupete","article_publisher":"https:\/\/www.facebook.com\/festivalelchupete\/","article_published_time":"2025-04-02T13:56:21+00:00","article_modified_time":"2025-05-14T12:05:35+00:00","og_image":[{"width":1920,"height":1080,"url":"https:\/\/elchupete.com\/wp-content\/uploads\/2025\/03\/el-chupete-xxa-edicion-presenta-su-ultima-campana-header.jpg","type":"image\/jpeg"}],"author":"Miguel Garc\u00eda","twitter_card":"summary_large_image","twitter_creator":"@elchupete_com","twitter_site":"@elchupete_com","twitter_misc":{"Written by":"Miguel Garc\u00eda","Estimated reading time":"3 minutes"},"schema":{"@context":"https:\/\/schema.org","@graph":[{"@type":"Article","@id":"https:\/\/elchupete.com\/el-festival-el-chupete-anuncia-su-jurado-definitivo\/#article","isPartOf":{"@id":"https:\/\/elchupete.com\/el-festival-el-chupete-anuncia-su-jurado-definitivo\/"},"author":{"name":"Miguel Garc\u00eda","@id":"https:\/\/elchupete.com\/#\/schema\/person\/c1a89c057f490f58bccbbf39e89f6ef2"},"headline":"\u00a0El Festival El Chupete anuncia su jurado definitivo\u00a0","datePublished":"2025-04-02T13:56:21+00:00","dateModified":"2025-05-14T12:05:35+00:00","mainEntityOfPage":{"@id":"https:\/\/elchupete.com\/el-festival-el-chupete-anuncia-su-jurado-definitivo\/"},"wordCount":3648,"publisher":{"@id":"https:\/\/elchupete.com\/#organization"},"image":{"@id":"https:\/\/elchupete.com\/el-festival-el-chupete-anuncia-su-jurado-definitivo\/#primaryimage"},"thumbnailUrl":"https:\/\/elchupete.com\/wp-content\/uploads\/2025\/03\/el-chupete-xxa-edicion-presenta-su-ultima-campana-header.jpg","articleSection":["Prensa"],"inLanguage":"en-GB"},{"@type":"WebPage","@id":"https:\/\/elchupete.com\/el-festival-el-chupete-anuncia-su-jurado-definitivo\/","url":"https:\/\/elchupete.com\/el-festival-el-chupete-anuncia-su-jurado-definitivo\/","name":"El Festival El Chupete anuncia su jurado definitivo","isPartOf":{"@id":"https:\/\/elchupete.com\/#website"},"primaryImageOfPage":{"@id":"https:\/\/elchupete.com\/el-festival-el-chupete-anuncia-su-jurado-definitivo\/#primaryimage"},"image":{"@id":"https:\/\/elchupete.com\/el-festival-el-chupete-anuncia-su-jurado-definitivo\/#primaryimage"},"thumbnailUrl":"https:\/\/elchupete.com\/wp-content\/uploads\/2025\/03\/el-chupete-xxa-edicion-presenta-su-ultima-campana-header.jpg","datePublished":"2025-04-02T13:56:21+00:00","dateModified":"2025-05-14T12:05:35+00:00","description":"El Festival El Chupete, certamen internacional de comunicaci\u00f3n infantil y juvenil, confirma su jurado definitivo para esta edici\u00f3n.","breadcrumb":{"@id":"https:\/\/elchupete.com\/el-festival-el-chupete-anuncia-su-jurado-definitivo\/#breadcrumb"},"inLanguage":"en-GB","potentialAction":[{"@type":"ReadAction","target":["https:\/\/elchupete.com\/el-festival-el-chupete-anuncia-su-jurado-definitivo\/"]}]},{"@type":"ImageObject","inLanguage":"en-GB","@id":"https:\/\/elchupete.com\/el-festival-el-chupete-anuncia-su-jurado-definitivo\/#primaryimage","url":"https:\/\/elchupete.com\/wp-content\/uploads\/2025\/03\/el-chupete-xxa-edicion-presenta-su-ultima-campana-header.jpg","contentUrl":"https:\/\/elchupete.com\/wp-content\/uploads\/2025\/03\/el-chupete-xxa-edicion-presenta-su-ultima-campana-header.jpg","width":1920,"height":1080},{"@type":"BreadcrumbList","@id":"https:\/\/elchupete.com\/el-festival-el-chupete-anuncia-su-jurado-definitivo\/#breadcrumb","itemListElement":[{"@type":"ListItem","position":1,"name":"Portada","item":"https:\/\/elchupete.com\/"},{"@type":"ListItem","position":2,"name":"\u00a0El Festival El Chupete anuncia su jurado definitivo\u00a0"}]},{"@type":"WebSite","@id":"https:\/\/elchupete.com\/#website","url":"https:\/\/elchupete.com\/","name":"El Chupete","description":"Festival de Comunicaci\u00f3n Infantil","publisher":{"@id":"https:\/\/elchupete.com\/#organization"},"potentialAction":[{"@type":"SearchAction","target":{"@type":"EntryPoint","urlTemplate":"https:\/\/elchupete.com\/?s={search_term_string}"},"query-input":{"@type":"PropertyValueSpecification","valueRequired":true,"valueName":"search_term_string"}}],"inLanguage":"en-GB"},{"@type":"Organization","@id":"https:\/\/elchupete.com\/#organization","name":"El Chupete","url":"https:\/\/elchupete.com\/","logo":{"@type":"ImageObject","inLanguage":"en-GB","@id":"https:\/\/elchupete.com\/#\/schema\/logo\/image\/","url":"https:\/\/elchupete.com\/wp-content\/uploads\/2022\/09\/elchupete-logo-color.png","contentUrl":"https:\/\/elchupete.com\/wp-content\/uploads\/2022\/09\/elchupete-logo-color.png","width":1300,"height":550,"caption":"El Chupete"},"image":{"@id":"https:\/\/elchupete.com\/#\/schema\/logo\/image\/"},"sameAs":["https:\/\/www.facebook.com\/festivalelchupete\/","https:\/\/x.com\/elchupete_com","https:\/\/www.linkedin.com\/company\/festival-el-chupete\/?originalSubdomain=es","https:\/\/www.youtube.com\/channel\/UCQQh7miXV7AGPQ0BVwzOJoA","https:\/\/www.instagram.com\/elchupete_com\/"]},{"@type":"Person","@id":"https:\/\/elchupete.com\/#\/schema\/person\/c1a89c057f490f58bccbbf39e89f6ef2","name":"Miguel Garc\u00eda","image":{"@type":"ImageObject","inLanguage":"en-GB","@id":"https:\/\/elchupete.com\/wp-content\/litespeed\/avatar\/93ce02cc5b8ea6fcd334c8a8f8158ad6.jpg?ver=1777311305","url":"https:\/\/elchupete.com\/wp-content\/litespeed\/avatar\/93ce02cc5b8ea6fcd334c8a8f8158ad6.jpg?ver=1777311305","contentUrl":"https:\/\/elchupete.com\/wp-content\/litespeed\/avatar\/93ce02cc5b8ea6fcd334c8a8f8158ad6.jpg?ver=1777311305","caption":"Miguel Garc\u00eda"},"url":"https:\/\/elchupete.com\/en\/author\/admin_miguel\/"}]}},"_links":{"self":[{"href":"https:\/\/elchupete.com\/en\/wp-json\/wp\/v2\/posts\/3788","targetHints":{"allow":["GET"]}}],"collection":[{"href":"https:\/\/elchupete.com\/en\/wp-json\/wp\/v2\/posts"}],"about":[{"href":"https:\/\/elchupete.com\/en\/wp-json\/wp\/v2\/types\/post"}],"author":[{"embeddable":true,"href":"https:\/\/elchupete.com\/en\/wp-json\/wp\/v2\/users\/5"}],"replies":[{"embeddable":true,"href":"https:\/\/elchupete.com\/en\/wp-json\/wp\/v2\/comments?post=3788"}],"version-history":[{"count":7,"href":"https:\/\/elchupete.com\/en\/wp-json\/wp\/v2\/posts\/3788\/revisions"}],"predecessor-version":[{"id":3910,"href":"https:\/\/elchupete.com\/en\/wp-json\/wp\/v2\/posts\/3788\/revisions\/3910"}],"wp:featuredmedia":[{"embeddable":true,"href":"https:\/\/elchupete.com\/en\/wp-json\/wp\/v2\/media\/3581"}],"wp:attachment":[{"href":"https:\/\/elchupete.com\/en\/wp-json\/wp\/v2\/media?parent=3788"}],"wp:term":[{"taxonomy":"category","embeddable":true,"href":"https:\/\/elchupete.com\/en\/wp-json\/wp\/v2\/categories?post=3788"},{"taxonomy":"post_tag","embeddable":true,"href":"https:\/\/elchupete.com\/en\/wp-json\/wp\/v2\/tags?post=3788"}],"curies":[{"name":"wp","href":"https:\/\/api.w.org\/{rel}","templated":true}]}}