{"id":4018,"date":"2026-04-29T12:10:53","date_gmt":"2026-04-29T10:10:53","guid":{"rendered":"https:\/\/elchupete.com\/?p=4018"},"modified":"2026-04-29T12:19:58","modified_gmt":"2026-04-29T10:19:58","slug":"el-chupete-vuelve-a-sus-origenes","status":"publish","type":"post","link":"https:\/\/elchupete.com\/en\/el-chupete-vuelve-a-sus-origenes\/","title":{"rendered":"El Chupete vuelve a sus or\u00edgenes."},"content":{"rendered":"<p>[et_pb_section fb_built=\u00bb1&#8243; fullwidth=\u00bbon\u00bb custom_padding_last_edited=\u00bbon|tablet\u00bb disabled_on=\u00bboff|off|off\u00bb _builder_version=\u00bb4.16&#8243; _module_preset=\u00bbdefault\u00bb width_tablet=\u00bb\u00bb width_phone=\u00bb100%\u00bb width_last_edited=\u00bbon|phone\u00bb max_width_tablet=\u00bb\u00bb max_width_phone=\u00bb100%\u00bb max_width_last_edited=\u00bbon|phone\u00bb height_tablet=\u00bb\u00bb height_phone=\u00bb\u00bb height_last_edited=\u00bbon|desktop\u00bb max_height_tablet=\u00bb\u00bb max_height_phone=\u00bb\u00bb max_height_last_edited=\u00bbon|phone\u00bb custom_margin=\u00bb0px|0px|0px|0px|false|false\u00bb custom_margin_tablet=\u00bb0px|0px|0px|0px|false|false\u00bb custom_margin_phone=\u00bb0px|0px|0px|0px|false|false\u00bb custom_margin_last_edited=\u00bbon|desktop\u00bb custom_padding=\u00bb92px|0px|0px|0px|false|true\u00bb custom_padding_tablet=\u00bb92px|0px|0px|0px|false|true\u00bb custom_padding_phone=\u00bb70px||||false|true\u00bb global_colors_info=\u00bb{}\u00bb][et_pb_fullwidth_slider show_pagination=\u00bboff\u00bb disabled_on=\u00bboff|off|off\u00bb _builder_version=\u00bb4.27.6&#8243; _module_preset=\u00bbdefault\u00bb header_font=\u00bbGotham Bold||||||||\u00bb body_font=\u00bbGotham Light||||||||\u00bb custom_button=\u00bbon\u00bb button_bg_color=\u00bbrgba(255,255,255,0.42)\u00bb button_border_width=\u00bb0px\u00bb button_border_radius=\u00bb10px\u00bb button_font=\u00bbGotham Bold||||||||\u00bb button_use_icon=\u00bboff\u00bb button_alignment=\u00bbleft\u00bb button_custom_padding=\u00bb10px||10px||true|false\u00bb text_orientation=\u00bbleft\u00bb width_tablet=\u00bb\u00bb width_phone=\u00bb100%\u00bb width_last_edited=\u00bbon|desktop\u00bb max_width=\u00bb100%\u00bb max_width_tablet=\u00bb100%\u00bb max_width_phone=\u00bb100%\u00bb max_width_last_edited=\u00bbon|phone\u00bb module_alignment=\u00bbcenter\u00bb content_width=\u00bb1200px\u00bb content_width_tablet=\u00bb768px\u00bb content_width_phone=\u00bb100%\u00bb content_width_last_edited=\u00bbon|phone\u00bb content_max_width=\u00bb1200px\u00bb content_max_width_tablet=\u00bb100%\u00bb content_max_width_phone=\u00bb100%\u00bb content_max_width_last_edited=\u00bbon|desktop\u00bb height_tablet=\u00bb50vh\u00bb height_phone=\u00bb50vh\u00bb height_last_edited=\u00bbon|phone\u00bb max_height_tablet=\u00bb50vh\u00bb max_height_phone=\u00bb50vh\u00bb max_height_last_edited=\u00bbon|desktop\u00bb overflow-y=\u00bbauto\u00bb custom_margin=\u00bb0px|0px|0px|0px|false|true\u00bb custom_padding=\u00bb0px|0px|100px|0px|false|true\u00bb custom_padding_tablet=\u00bb100px||0px||false|true\u00bb custom_padding_phone=\u00bb0px|20px|0px|20px|false|true\u00bb custom_padding_last_edited=\u00bbon|phone\u00bb auto=\u00bbon\u00bb custom_css_slide_description=\u00bb||\u00bb global_colors_info=\u00bb{}\u00bb button_bg_color__hover_enabled=\u00bbon|hover\u00bb button_bg_color__hover=\u00bbrgba(255,255,255,0.21)\u00bb button_bg_enable_color__hover=\u00bbon\u00bb][et_pb_slide heading=\u00bbEl Chupete vuelve a sus or\u00edgenes. El certamen traslada su XXI edici\u00f3n al 17 de noviembre\u00bb _builder_version=\u00bb4.27.6&#8243; _module_preset=\u00bbdefault\u00bb header_font=\u00bbGotham Bold||||||||\u00bb header_text_color=\u00bb#FFFFFF\u00bb body_text_color=\u00bb#FFFFFF\u00bb background_enable_color=\u00bboff\u00bb use_background_color_gradient=\u00bbon\u00bb background_color_gradient_direction=\u00bb90deg\u00bb background_color_gradient_stops=\u00bbrgba(4,30,66,0.63) 0%|rgba(4,30,66,0) 100%\u00bb background_color_gradient_start=\u00bbrgba(4,30,66,0.76)\u00bb background_color_gradient_end=\u00bbrgba(4,30,66,0.56)\u00bb background_image=\u00bbhttps:\/\/elchupete.com\/wp-content\/uploads\/2026\/04\/BANNER.png\u00bb background_enable_image=\u00bbon\u00bb background_blend=\u00bbmultiply\u00bb max_width=\u00bb1200px\u00bb custom_padding=\u00bb|700px|||false|false\u00bb custom_padding_tablet=\u00bb|200px|||false|false\u00bb custom_padding_phone=\u00bb|0px|||false|false\u00bb custom_padding_last_edited=\u00bbon|phone\u00bb hover_enabled=\u00bb0&#8243; header_font_size_tablet=\u00bb36px\u00bb header_font_size_phone=\u00bb30px\u00bb header_font_size_last_edited=\u00bbon|phone\u00bb header_line_height_tablet=\u00bb\u00bb header_line_height_phone=\u00bb1.1em\u00bb header_line_height_last_edited=\u00bbon|phone\u00bb background_last_edited=\u00bbon|phone\u00bb background_image_phone=\u00bbhttps:\/\/elchupete.com\/wp-content\/uploads\/2023\/09\/EL_CHUPETE_WEB_800x1200-2.png\u00bb background_enable_image_phone=\u00bbon\u00bb global_colors_info=\u00bb{}\u00bb sticky_transition=\u00bbon\u00bb title_text=\u00bbBANNER\u00bb sticky_enabled=\u00bb0&#8243;]El Festival El Chupete ha anunciado el traslado de su pr\u00f3xima edici\u00f3n al d\u00eda 17 de noviembre en Madrid. Con la nueva fecha, el certamen retoma la esencia con la que se fund\u00f3 y el esp\u00edritu navide\u00f1o vinculado a sus or\u00edgenes.[\/et_pb_slide][\/et_pb_fullwidth_slider][\/et_pb_section][et_pb_section fb_built=\u00bb1&#8243; _builder_version=\u00bb4.16&#8243; _module_preset=\u00bbdefault\u00bb background_image=\u00bbhttps:\/\/elchupete.com\/wp-content\/uploads\/2021\/03\/elchupete-backnotes.jpg\u00bb min_height_tablet=\u00bb\u00bb min_height_phone=\u00bb\u00bb min_height_last_edited=\u00bbon|tablet\u00bb custom_margin=\u00bb0px|0px|0px|0px|false|true\u00bb custom_margin_tablet=\u00bb|0px||0px|false|true\u00bb custom_margin_phone=\u00bb|0px||0px|false|true\u00bb custom_margin_last_edited=\u00bbon|phone\u00bb custom_padding=\u00bb0px|25px|0px|25px|false|true\u00bb global_colors_info=\u00bb{}\u00bb][et_pb_row _builder_version=\u00bb4.27.6&#8243; _module_preset=\u00bbdefault\u00bb width=\u00bb100%\u00bb max_width=\u00bb1200px\u00bb custom_margin=\u00bb||0px||false|false\u00bb custom_padding=\u00bb||0px||false|false\u00bb global_colors_info=\u00bb{}\u00bb][et_pb_column type=\u00bb4_4&#8243; _builder_version=\u00bb4.16&#8243; _module_preset=\u00bbdefault\u00bb global_colors_info=\u00bb{}\u00bb][et_pb_text _builder_version=\u00bb4.27.6&#8243; _module_preset=\u00bbdefault\u00bb text_font=\u00bbGotham Bold||||||||\u00bb text_text_color=\u00bb#041e42&#8243; header_text_color=\u00bb#226ea6&#8243; header_3_font=\u00bbGotham Bold||||||||\u00bb header_3_text_align=\u00bbleft\u00bb header_3_text_color=\u00bb#226ea6&#8243; header_3_font_size=\u00bb34px\u00bb custom_margin=\u00bb||0px||false|false\u00bb custom_padding=\u00bb||0px||false|false\u00bb hover_enabled=\u00bb0&#8243; global_colors_info=\u00bb{}\u00bb sticky_enabled=\u00bb0&#8243;]<\/p>\n<p>Madrid, 29 de abril 2026<\/p>\n<p>[\/et_pb_text][et_pb_text _builder_version=\u00bb4.27.6&#8243; _module_preset=\u00bbdefault\u00bb text_font=\u00bbGotham Light||||||||\u00bb text_text_color=\u00bb#041e42&#8243; text_font_size=\u00bb16px\u00bb header_text_color=\u00bb#226ea6&#8243; header_3_font=\u00bbGotham Bold||||||||\u00bb header_3_text_align=\u00bbleft\u00bb header_3_text_color=\u00bb#226ea6&#8243; header_3_font_size=\u00bb34px\u00bb hover_enabled=\u00bb0&#8243; global_colors_info=\u00bb{}\u00bb sticky_enabled=\u00bb0&#8243;]<\/p>\n<p>El Festival EL Chupete ha anunciado el traslado de su pr\u00f3xima edici\u00f3n al d\u00eda 17 de noviembre en Madrid. Con la nueva fecha, el certamen retoma la esencia con la que se fund\u00f3 y el esp\u00edritu navide\u00f1o vinculado a sus or\u00edgenes.<\/p>\n<p>La convocatoria mantiene abierto el periodo de inscripci\u00f3n de piezas, conservando \u00edntegras las bases y categor\u00edas de participaci\u00f3n.<\/p>\n<p>Recordamos que la presidencia del jurado de esta edici\u00f3n corresponde a Sara Vega, Directora de Marketing y Comunicaci\u00f3n de FNAC.<\/p>\n<p>Las marcas y las agencias interesadas en presentar sus trabajos podr\u00e1n hacerlo a trav\u00e9s de la plataforma oficial hasta el 9 de octubre, fecha definitiva para el cierre de inscripciones.<\/p>\n<p>Pr\u00f3ximamente, se conocer\u00e1 la campa\u00f1a creativa de esta edici\u00f3n. La ejecuci\u00f3n ha contado con el talento de profesionales clave que han hecho posible la visi\u00f3n de CLV.<\/p>\n<p>Esta vuelta al calendario original refuerza la identidad del festival como el referente principal del sector. El traslado al 17 de noviembre garantizar\u00e1 un escenario de m\u00e1xima relevancia para premiar la excelencia en los contenidos dirigidos a ni\u00f1os y adolescentes.<\/p>\n<p>&nbsp;<\/p>\n<p><strong>Sobre el Chupete<\/strong><\/p>\n<p>El Chupete es una instituci\u00f3n independiente promovida por profesionales del mundo de la comunicaci\u00f3n y de la educaci\u00f3n que tiene como objetivo prioritario promover la comunicaci\u00f3n infantil responsable e incentivar la creatividad en los ni\u00f1os.<\/p>\n<p>&nbsp;<\/p>\n<p><strong>Para m\u00e1s informaci\u00f3n:<\/strong><\/p>\n<p>Tel\u00e9fono: +34 682 616 235 Correo: <a href=\"mailto:alba@elchupete.com\">alba@elchupete.com<\/a><\/p>\n<p>P\u00e1gina web para inscripciones: <a href=\"https:\/\/elchupete.com\/\">https:\/\/elchupete.com\/<\/a><\/p>\n<p>Direcci\u00f3n: C\/ de Matilde D\u00edez, 11A, Chamart\u00edn, 28002 Madrid<\/p>\n<p>[\/et_pb_text][\/et_pb_column][\/et_pb_row][\/et_pb_section][et_pb_section fb_built=\u00bb1&#8243; _builder_version=\u00bb4.16&#8243; _module_preset=\u00bbdefault\u00bb background_image=\u00bbhttps:\/\/elchupete.com\/wp-content\/uploads\/2021\/03\/elchupete-backnotes.jpg\u00bb min_height_tablet=\u00bb\u00bb min_height_phone=\u00bb\u00bb min_height_last_edited=\u00bbon|tablet\u00bb custom_margin=\u00bb0px|0px|0px|0px|false|true\u00bb custom_margin_tablet=\u00bb|0px||0px|false|true\u00bb custom_margin_phone=\u00bb|0px||0px|false|true\u00bb custom_margin_last_edited=\u00bbon|phone\u00bb custom_padding=\u00bb0px|25px|0px|25px|false|true\u00bb global_colors_info=\u00bb{}\u00bb][et_pb_row _builder_version=\u00bb4.16&#8243; _module_preset=\u00bbdefault\u00bb width=\u00bb100%\u00bb max_width=\u00bb1200px\u00bb custom_padding=\u00bb||0px||false|false\u00bb global_colors_info=\u00bb{}\u00bb][et_pb_column type=\u00bb4_4&#8243; _builder_version=\u00bb4.16&#8243; _module_preset=\u00bbdefault\u00bb custom_padding=\u00bb0px||||false|false\u00bb custom_padding_tablet=\u00bb30px||||false|false\u00bb custom_padding_phone=\u00bb20px||||false|false\u00bb custom_padding_last_edited=\u00bbon|desktop\u00bb global_colors_info=\u00bb{}\u00bb][et_pb_text _builder_version=\u00bb4.16&#8243; _module_preset=\u00bbdefault\u00bb header_text_color=\u00bb#226ea6&#8243; header_3_font=\u00bbGotham Bold||||||||\u00bb header_3_text_align=\u00bbleft\u00bb header_3_text_color=\u00bb#226ea6&#8243; header_3_font_size=\u00bb21px\u00bb module_alignment=\u00bbcenter\u00bb global_colors_info=\u00bb{}\u00bb]<\/p>\n<h3>Tambi\u00e9n puede interesarte&#8230;<\/h3>\n<p>[\/et_pb_text][et_pb_blog fullwidth=\u00bboff\u00bb posts_number=\u00bb3&#8243; include_categories=\u00bball\u00bb use_manual_excerpt=\u00bboff\u00bb excerpt_length=\u00bb150&#8243; show_author=\u00bboff\u00bb show_date=\u00bboff\u00bb show_categories=\u00bboff\u00bb show_pagination=\u00bboff\u00bb _builder_version=\u00bb4.16&#8243; _module_preset=\u00bbdefault\u00bb header_font=\u00bbGotham Bold||||||||\u00bb header_text_color=\u00bb#FFFFFF\u00bb body_font=\u00bbGotham Light||||||||\u00bb body_text_color=\u00bb#FFFFFF\u00bb background_color=\u00bbRGBA(0,0,0,0)\u00bb text_orientation=\u00bbcenter\u00bb border_radii=\u00bbon|15px|15px|15px|15px\u00bb border_width_all=\u00bb0px\u00bb global_colors_info=\u00bb{}\u00bb][\/et_pb_blog][\/et_pb_column][\/et_pb_row][\/et_pb_section]<\/p>\n","protected":false},"excerpt":{"rendered":"<p>El Chupete has announced this morning M\u00f3nica Moro as the new president of the Jury, who joins the list of names such as Luis Bassat or Germ\u00e1n Silva among others.<\/p>","protected":false},"author":5,"featured_media":4021,"comment_status":"closed","ping_status":"closed","sticky":false,"template":"","format":"standard","meta":{"_acf_changed":false,"_et_pb_use_builder":"on","_et_pb_old_content":"","_et_gb_content_width":"2880","footnotes":""},"categories":[7],"tags":[],"class_list":["post-4018","post","type-post","status-publish","format-standard","has-post-thumbnail","hentry","category-prensa"],"acf":[],"yoast_head":"<!-- This site is optimized with the Yoast SEO plugin v27.5 - https:\/\/yoast.com\/product\/yoast-seo-wordpress\/ -->\n<title>El Chupete vuelve a sus or\u00edgenes<\/title>\n<meta name=\"description\" content=\"El Chupete traslada de su pr\u00f3xima edici\u00f3n al d\u00eda 17 de noviembre en Madrid, retoma la esencia con la que se fund\u00f3 y el esp\u00edritu navide\u00f1o.\" \/>\n<meta name=\"robots\" content=\"index, follow, max-snippet:-1, max-image-preview:large, max-video-preview:-1\" \/>\n<link rel=\"canonical\" href=\"https:\/\/elchupete.com\/en\/el-chupete-vuelve-a-sus-origenes\/\" \/>\n<meta property=\"og:locale\" content=\"en_GB\" \/>\n<meta property=\"og:type\" content=\"article\" \/>\n<meta property=\"og:title\" content=\"El Chupete vuelve a sus or\u00edgenes\" \/>\n<meta property=\"og:description\" content=\"El Chupete traslada de su pr\u00f3xima edici\u00f3n al d\u00eda 17 de noviembre en Madrid, retoma la esencia con la que se fund\u00f3 y el esp\u00edritu navide\u00f1o.\" \/>\n<meta property=\"og:url\" content=\"https:\/\/elchupete.com\/en\/el-chupete-vuelve-a-sus-origenes\/\" \/>\n<meta property=\"og:site_name\" content=\"El Chupete\" \/>\n<meta property=\"article:publisher\" content=\"https:\/\/www.facebook.com\/festivalelchupete\/\" \/>\n<meta property=\"article:published_time\" content=\"2026-04-29T10:10:53+00:00\" \/>\n<meta property=\"article:modified_time\" content=\"2026-04-29T10:19:58+00:00\" \/>\n<meta property=\"og:image\" content=\"https:\/\/elchupete.com\/wp-content\/uploads\/2026\/04\/BANNER.png\" \/>\n\t<meta property=\"og:image:width\" content=\"1920\" \/>\n\t<meta property=\"og:image:height\" content=\"1080\" \/>\n\t<meta property=\"og:image:type\" content=\"image\/png\" \/>\n<meta name=\"author\" content=\"Miguel Garc\u00eda\" \/>\n<meta name=\"twitter:card\" content=\"summary_large_image\" \/>\n<meta name=\"twitter:creator\" content=\"@elchupete_com\" \/>\n<meta name=\"twitter:site\" content=\"@elchupete_com\" \/>\n<meta name=\"twitter:label1\" content=\"Written by\" \/>\n\t<meta name=\"twitter:data1\" content=\"Miguel Garc\u00eda\" \/>\n\t<meta name=\"twitter:label2\" content=\"Estimated reading time\" \/>\n\t<meta name=\"twitter:data2\" content=\"3 minutes\" \/>\n<script type=\"application\/ld+json\" class=\"yoast-schema-graph\">{\"@context\":\"https:\\\/\\\/schema.org\",\"@graph\":[{\"@type\":\"Article\",\"@id\":\"https:\\\/\\\/elchupete.com\\\/el-chupete-vuelve-a-sus-origenes\\\/#article\",\"isPartOf\":{\"@id\":\"https:\\\/\\\/elchupete.com\\\/el-chupete-vuelve-a-sus-origenes\\\/\"},\"author\":{\"name\":\"Miguel Garc\u00eda\",\"@id\":\"https:\\\/\\\/elchupete.com\\\/#\\\/schema\\\/person\\\/c1a89c057f490f58bccbbf39e89f6ef2\"},\"headline\":\"El Chupete vuelve a sus or\u00edgenes.\",\"datePublished\":\"2026-04-29T10:10:53+00:00\",\"dateModified\":\"2026-04-29T10:19:58+00:00\",\"mainEntityOfPage\":{\"@id\":\"https:\\\/\\\/elchupete.com\\\/el-chupete-vuelve-a-sus-origenes\\\/\"},\"wordCount\":1320,\"publisher\":{\"@id\":\"https:\\\/\\\/elchupete.com\\\/#organization\"},\"image\":{\"@id\":\"https:\\\/\\\/elchupete.com\\\/el-chupete-vuelve-a-sus-origenes\\\/#primaryimage\"},\"thumbnailUrl\":\"https:\\\/\\\/elchupete.com\\\/wp-content\\\/uploads\\\/2026\\\/04\\\/BANNER.png\",\"articleSection\":[\"Prensa\"],\"inLanguage\":\"en-GB\"},{\"@type\":\"WebPage\",\"@id\":\"https:\\\/\\\/elchupete.com\\\/el-chupete-vuelve-a-sus-origenes\\\/\",\"url\":\"https:\\\/\\\/elchupete.com\\\/el-chupete-vuelve-a-sus-origenes\\\/\",\"name\":\"El Chupete vuelve a sus or\u00edgenes\",\"isPartOf\":{\"@id\":\"https:\\\/\\\/elchupete.com\\\/#website\"},\"primaryImageOfPage\":{\"@id\":\"https:\\\/\\\/elchupete.com\\\/el-chupete-vuelve-a-sus-origenes\\\/#primaryimage\"},\"image\":{\"@id\":\"https:\\\/\\\/elchupete.com\\\/el-chupete-vuelve-a-sus-origenes\\\/#primaryimage\"},\"thumbnailUrl\":\"https:\\\/\\\/elchupete.com\\\/wp-content\\\/uploads\\\/2026\\\/04\\\/BANNER.png\",\"datePublished\":\"2026-04-29T10:10:53+00:00\",\"dateModified\":\"2026-04-29T10:19:58+00:00\",\"description\":\"El Chupete traslada de su pr\u00f3xima edici\u00f3n al d\u00eda 17 de noviembre en Madrid, retoma la esencia con la que se fund\u00f3 y el esp\u00edritu navide\u00f1o.\",\"breadcrumb\":{\"@id\":\"https:\\\/\\\/elchupete.com\\\/el-chupete-vuelve-a-sus-origenes\\\/#breadcrumb\"},\"inLanguage\":\"en-GB\",\"potentialAction\":[{\"@type\":\"ReadAction\",\"target\":[\"https:\\\/\\\/elchupete.com\\\/el-chupete-vuelve-a-sus-origenes\\\/\"]}]},{\"@type\":\"ImageObject\",\"inLanguage\":\"en-GB\",\"@id\":\"https:\\\/\\\/elchupete.com\\\/el-chupete-vuelve-a-sus-origenes\\\/#primaryimage\",\"url\":\"https:\\\/\\\/elchupete.com\\\/wp-content\\\/uploads\\\/2026\\\/04\\\/BANNER.png\",\"contentUrl\":\"https:\\\/\\\/elchupete.com\\\/wp-content\\\/uploads\\\/2026\\\/04\\\/BANNER.png\",\"width\":1920,\"height\":1080},{\"@type\":\"BreadcrumbList\",\"@id\":\"https:\\\/\\\/elchupete.com\\\/el-chupete-vuelve-a-sus-origenes\\\/#breadcrumb\",\"itemListElement\":[{\"@type\":\"ListItem\",\"position\":1,\"name\":\"Portada\",\"item\":\"https:\\\/\\\/elchupete.com\\\/\"},{\"@type\":\"ListItem\",\"position\":2,\"name\":\"El Chupete vuelve a sus or\u00edgenes.\"}]},{\"@type\":\"WebSite\",\"@id\":\"https:\\\/\\\/elchupete.com\\\/#website\",\"url\":\"https:\\\/\\\/elchupete.com\\\/\",\"name\":\"El Chupete\",\"description\":\"Festival de Comunicaci\u00f3n Infantil\",\"publisher\":{\"@id\":\"https:\\\/\\\/elchupete.com\\\/#organization\"},\"potentialAction\":[{\"@type\":\"SearchAction\",\"target\":{\"@type\":\"EntryPoint\",\"urlTemplate\":\"https:\\\/\\\/elchupete.com\\\/?s={search_term_string}\"},\"query-input\":{\"@type\":\"PropertyValueSpecification\",\"valueRequired\":true,\"valueName\":\"search_term_string\"}}],\"inLanguage\":\"en-GB\"},{\"@type\":\"Organization\",\"@id\":\"https:\\\/\\\/elchupete.com\\\/#organization\",\"name\":\"El Chupete\",\"url\":\"https:\\\/\\\/elchupete.com\\\/\",\"logo\":{\"@type\":\"ImageObject\",\"inLanguage\":\"en-GB\",\"@id\":\"https:\\\/\\\/elchupete.com\\\/#\\\/schema\\\/logo\\\/image\\\/\",\"url\":\"https:\\\/\\\/elchupete.com\\\/wp-content\\\/uploads\\\/2022\\\/09\\\/elchupete-logo-color.png\",\"contentUrl\":\"https:\\\/\\\/elchupete.com\\\/wp-content\\\/uploads\\\/2022\\\/09\\\/elchupete-logo-color.png\",\"width\":1300,\"height\":550,\"caption\":\"El Chupete\"},\"image\":{\"@id\":\"https:\\\/\\\/elchupete.com\\\/#\\\/schema\\\/logo\\\/image\\\/\"},\"sameAs\":[\"https:\\\/\\\/www.facebook.com\\\/festivalelchupete\\\/\",\"https:\\\/\\\/x.com\\\/elchupete_com\",\"https:\\\/\\\/www.linkedin.com\\\/company\\\/festival-el-chupete\\\/?originalSubdomain=es\",\"https:\\\/\\\/www.youtube.com\\\/channel\\\/UCQQh7miXV7AGPQ0BVwzOJoA\",\"https:\\\/\\\/www.instagram.com\\\/elchupete_com\\\/\"]},{\"@type\":\"Person\",\"@id\":\"https:\\\/\\\/elchupete.com\\\/#\\\/schema\\\/person\\\/c1a89c057f490f58bccbbf39e89f6ef2\",\"name\":\"Miguel Garc\u00eda\",\"image\":{\"@type\":\"ImageObject\",\"inLanguage\":\"en-GB\",\"@id\":\"https:\\\/\\\/elchupete.com\\\/wp-content\\\/litespeed\\\/avatar\\\/93ce02cc5b8ea6fcd334c8a8f8158ad6.jpg?ver=1777311305\",\"url\":\"https:\\\/\\\/elchupete.com\\\/wp-content\\\/litespeed\\\/avatar\\\/93ce02cc5b8ea6fcd334c8a8f8158ad6.jpg?ver=1777311305\",\"contentUrl\":\"https:\\\/\\\/elchupete.com\\\/wp-content\\\/litespeed\\\/avatar\\\/93ce02cc5b8ea6fcd334c8a8f8158ad6.jpg?ver=1777311305\",\"caption\":\"Miguel Garc\u00eda\"},\"url\":\"https:\\\/\\\/elchupete.com\\\/en\\\/author\\\/admin_miguel\\\/\"}]}<\/script>\n<!-- \/ Yoast SEO plugin. -->","yoast_head_json":{"title":"El Chupete vuelve a sus or\u00edgenes","description":"El Chupete traslada de su pr\u00f3xima edici\u00f3n al d\u00eda 17 de noviembre en Madrid, retoma la esencia con la que se fund\u00f3 y el esp\u00edritu navide\u00f1o.","robots":{"index":"index","follow":"follow","max-snippet":"max-snippet:-1","max-image-preview":"max-image-preview:large","max-video-preview":"max-video-preview:-1"},"canonical":"https:\/\/elchupete.com\/en\/el-chupete-vuelve-a-sus-origenes\/","og_locale":"en_GB","og_type":"article","og_title":"El Chupete vuelve a sus or\u00edgenes","og_description":"El Chupete traslada de su pr\u00f3xima edici\u00f3n al d\u00eda 17 de noviembre en Madrid, retoma la esencia con la que se fund\u00f3 y el esp\u00edritu navide\u00f1o.","og_url":"https:\/\/elchupete.com\/en\/el-chupete-vuelve-a-sus-origenes\/","og_site_name":"El Chupete","article_publisher":"https:\/\/www.facebook.com\/festivalelchupete\/","article_published_time":"2026-04-29T10:10:53+00:00","article_modified_time":"2026-04-29T10:19:58+00:00","og_image":[{"width":1920,"height":1080,"url":"https:\/\/elchupete.com\/wp-content\/uploads\/2026\/04\/BANNER.png","type":"image\/png"}],"author":"Miguel Garc\u00eda","twitter_card":"summary_large_image","twitter_creator":"@elchupete_com","twitter_site":"@elchupete_com","twitter_misc":{"Written by":"Miguel Garc\u00eda","Estimated reading time":"3 minutes"},"schema":{"@context":"https:\/\/schema.org","@graph":[{"@type":"Article","@id":"https:\/\/elchupete.com\/el-chupete-vuelve-a-sus-origenes\/#article","isPartOf":{"@id":"https:\/\/elchupete.com\/el-chupete-vuelve-a-sus-origenes\/"},"author":{"name":"Miguel Garc\u00eda","@id":"https:\/\/elchupete.com\/#\/schema\/person\/c1a89c057f490f58bccbbf39e89f6ef2"},"headline":"El Chupete vuelve a sus or\u00edgenes.","datePublished":"2026-04-29T10:10:53+00:00","dateModified":"2026-04-29T10:19:58+00:00","mainEntityOfPage":{"@id":"https:\/\/elchupete.com\/el-chupete-vuelve-a-sus-origenes\/"},"wordCount":1320,"publisher":{"@id":"https:\/\/elchupete.com\/#organization"},"image":{"@id":"https:\/\/elchupete.com\/el-chupete-vuelve-a-sus-origenes\/#primaryimage"},"thumbnailUrl":"https:\/\/elchupete.com\/wp-content\/uploads\/2026\/04\/BANNER.png","articleSection":["Prensa"],"inLanguage":"en-GB"},{"@type":"WebPage","@id":"https:\/\/elchupete.com\/el-chupete-vuelve-a-sus-origenes\/","url":"https:\/\/elchupete.com\/el-chupete-vuelve-a-sus-origenes\/","name":"El Chupete vuelve a sus or\u00edgenes","isPartOf":{"@id":"https:\/\/elchupete.com\/#website"},"primaryImageOfPage":{"@id":"https:\/\/elchupete.com\/el-chupete-vuelve-a-sus-origenes\/#primaryimage"},"image":{"@id":"https:\/\/elchupete.com\/el-chupete-vuelve-a-sus-origenes\/#primaryimage"},"thumbnailUrl":"https:\/\/elchupete.com\/wp-content\/uploads\/2026\/04\/BANNER.png","datePublished":"2026-04-29T10:10:53+00:00","dateModified":"2026-04-29T10:19:58+00:00","description":"El Chupete traslada de su pr\u00f3xima edici\u00f3n al d\u00eda 17 de noviembre en Madrid, retoma la esencia con la que se fund\u00f3 y el esp\u00edritu navide\u00f1o.","breadcrumb":{"@id":"https:\/\/elchupete.com\/el-chupete-vuelve-a-sus-origenes\/#breadcrumb"},"inLanguage":"en-GB","potentialAction":[{"@type":"ReadAction","target":["https:\/\/elchupete.com\/el-chupete-vuelve-a-sus-origenes\/"]}]},{"@type":"ImageObject","inLanguage":"en-GB","@id":"https:\/\/elchupete.com\/el-chupete-vuelve-a-sus-origenes\/#primaryimage","url":"https:\/\/elchupete.com\/wp-content\/uploads\/2026\/04\/BANNER.png","contentUrl":"https:\/\/elchupete.com\/wp-content\/uploads\/2026\/04\/BANNER.png","width":1920,"height":1080},{"@type":"BreadcrumbList","@id":"https:\/\/elchupete.com\/el-chupete-vuelve-a-sus-origenes\/#breadcrumb","itemListElement":[{"@type":"ListItem","position":1,"name":"Portada","item":"https:\/\/elchupete.com\/"},{"@type":"ListItem","position":2,"name":"El Chupete vuelve a sus or\u00edgenes."}]},{"@type":"WebSite","@id":"https:\/\/elchupete.com\/#website","url":"https:\/\/elchupete.com\/","name":"El Chupete","description":"Festival de Comunicaci\u00f3n Infantil","publisher":{"@id":"https:\/\/elchupete.com\/#organization"},"potentialAction":[{"@type":"SearchAction","target":{"@type":"EntryPoint","urlTemplate":"https:\/\/elchupete.com\/?s={search_term_string}"},"query-input":{"@type":"PropertyValueSpecification","valueRequired":true,"valueName":"search_term_string"}}],"inLanguage":"en-GB"},{"@type":"Organization","@id":"https:\/\/elchupete.com\/#organization","name":"El Chupete","url":"https:\/\/elchupete.com\/","logo":{"@type":"ImageObject","inLanguage":"en-GB","@id":"https:\/\/elchupete.com\/#\/schema\/logo\/image\/","url":"https:\/\/elchupete.com\/wp-content\/uploads\/2022\/09\/elchupete-logo-color.png","contentUrl":"https:\/\/elchupete.com\/wp-content\/uploads\/2022\/09\/elchupete-logo-color.png","width":1300,"height":550,"caption":"El Chupete"},"image":{"@id":"https:\/\/elchupete.com\/#\/schema\/logo\/image\/"},"sameAs":["https:\/\/www.facebook.com\/festivalelchupete\/","https:\/\/x.com\/elchupete_com","https:\/\/www.linkedin.com\/company\/festival-el-chupete\/?originalSubdomain=es","https:\/\/www.youtube.com\/channel\/UCQQh7miXV7AGPQ0BVwzOJoA","https:\/\/www.instagram.com\/elchupete_com\/"]},{"@type":"Person","@id":"https:\/\/elchupete.com\/#\/schema\/person\/c1a89c057f490f58bccbbf39e89f6ef2","name":"Miguel Garc\u00eda","image":{"@type":"ImageObject","inLanguage":"en-GB","@id":"https:\/\/elchupete.com\/wp-content\/litespeed\/avatar\/93ce02cc5b8ea6fcd334c8a8f8158ad6.jpg?ver=1777311305","url":"https:\/\/elchupete.com\/wp-content\/litespeed\/avatar\/93ce02cc5b8ea6fcd334c8a8f8158ad6.jpg?ver=1777311305","contentUrl":"https:\/\/elchupete.com\/wp-content\/litespeed\/avatar\/93ce02cc5b8ea6fcd334c8a8f8158ad6.jpg?ver=1777311305","caption":"Miguel Garc\u00eda"},"url":"https:\/\/elchupete.com\/en\/author\/admin_miguel\/"}]}},"_links":{"self":[{"href":"https:\/\/elchupete.com\/en\/wp-json\/wp\/v2\/posts\/4018","targetHints":{"allow":["GET"]}}],"collection":[{"href":"https:\/\/elchupete.com\/en\/wp-json\/wp\/v2\/posts"}],"about":[{"href":"https:\/\/elchupete.com\/en\/wp-json\/wp\/v2\/types\/post"}],"author":[{"embeddable":true,"href":"https:\/\/elchupete.com\/en\/wp-json\/wp\/v2\/users\/5"}],"replies":[{"embeddable":true,"href":"https:\/\/elchupete.com\/en\/wp-json\/wp\/v2\/comments?post=4018"}],"version-history":[{"count":3,"href":"https:\/\/elchupete.com\/en\/wp-json\/wp\/v2\/posts\/4018\/revisions"}],"predecessor-version":[{"id":4024,"href":"https:\/\/elchupete.com\/en\/wp-json\/wp\/v2\/posts\/4018\/revisions\/4024"}],"wp:featuredmedia":[{"embeddable":true,"href":"https:\/\/elchupete.com\/en\/wp-json\/wp\/v2\/media\/4021"}],"wp:attachment":[{"href":"https:\/\/elchupete.com\/en\/wp-json\/wp\/v2\/media?parent=4018"}],"wp:term":[{"taxonomy":"category","embeddable":true,"href":"https:\/\/elchupete.com\/en\/wp-json\/wp\/v2\/categories?post=4018"},{"taxonomy":"post_tag","embeddable":true,"href":"https:\/\/elchupete.com\/en\/wp-json\/wp\/v2\/tags?post=4018"}],"curies":[{"name":"wp","href":"https:\/\/api.w.org\/{rel}","templated":true}]}}